{"id":837,"date":"2025-06-10T11:06:24","date_gmt":"2025-06-10T14:06:24","guid":{"rendered":"https:\/\/blog.friopecas.com.br\/blog\/?p=837"},"modified":"2025-06-20T11:23:43","modified_gmt":"2025-06-20T14:23:43","slug":"ar-condicionado-split-vs-janela-qual-e-a-melhor-opcao","status":"publish","type":"post","link":"https:\/\/blog.friopecas.com.br\/blog\/2025\/06\/10\/ar-condicionado-split-vs-janela-qual-e-a-melhor-opcao\/","title":{"rendered":"Ar-condicionado Split vs Janela: qual \u00e9 a melhor op\u00e7\u00e3o?\u00a0"},"content":{"rendered":"\n<p class=\"has-medium-font-size wp-block-paragraph\"><strong><em>Quer um ambiente fresco e confort\u00e1vel? Veja qual modelo vale mais a pena: Split, silencioso e econ\u00f4mico, ou Janela, pr\u00e1tico e acess\u00edvel.&nbsp;<\/em><\/strong><br><br>Quando o calor aperta, nada melhor do que um bom ar-condicionado para refrescar o ambiente, e entre as op\u00e7\u00f5es mais populares do mercado, o ar-condicionado Split e o Ar de Janela se destacam pela sua efici\u00eancia e custo-benef\u00edcio. Mas qual deles realmente se encaixa melhor no seu espa\u00e7o? Descubra neste guia suas principais caracter\u00edsticas e vantagens para escolher o modelo ideal.&nbsp;<\/p>\n\n\n\n<h2 class=\"wp-block-heading\"><mark style=\"background-color:rgba(0, 0, 0, 0);color:#014e7b\" class=\"has-inline-color\"><strong>Entendendo os Tipos de Ar Condicionado<\/strong><\/mark><\/h2>\n\n\n\n<p class=\"wp-block-paragraph\">O <strong><a href=\"https:\/\/blog.friopecas.com.br\/blog\/2025\/05\/12\/282-revision-v1\/\">Split 9000 btus<\/a><\/strong> \u00e9 composto pela unidade interna que fica dentro do ambiente e uma externa instalada do lado de fora. Essa divis\u00e3o permite um funcionamento mais eficiente e silencioso.&nbsp;&nbsp;<\/p>\n\n\n\n<p class=\"wp-block-paragraph\">J\u00e1 o <strong><a href=\"https:\/\/blog.friopecas.com.br\/blog\/2025\/04\/17\/escolha-o-ar-condicionado-de-janela-ideal\/\">ar de Janela <\/a><\/strong>\u00e9 um sistema compacto, onde todas as partes est\u00e3o em uma \u00fanica unidade, instalada em uma abertura na parede ou janela.&nbsp;<br><\/p>\n\n\n\n<div class=\"wp-block-media-text is-stacked-on-mobile\" style=\"grid-template-columns:33% auto\"><figure class=\"wp-block-media-text__media\"><a href=\"https:\/\/www.friopecas.com.br\/ar-condicionado-janela-springer-midea-7500-btu-h-frio-qck078rb-eletronico-127-volts\/p\"><img loading=\"lazy\" decoding=\"async\" width=\"800\" height=\"800\" src=\"https:\/\/blog.friopecas.com.br\/blog\/wp-content\/uploads\/2025\/05\/237547-800-auto.png\" alt=\"\" class=\"wp-image-847 size-full\" srcset=\"https:\/\/blog.friopecas.com.br\/blog\/wp-content\/uploads\/2025\/05\/237547-800-auto.png 800w, https:\/\/blog.friopecas.com.br\/blog\/wp-content\/uploads\/2025\/05\/237547-800-auto-300x300.png 300w, https:\/\/blog.friopecas.com.br\/blog\/wp-content\/uploads\/2025\/05\/237547-800-auto-150x150.png 150w, https:\/\/blog.friopecas.com.br\/blog\/wp-content\/uploads\/2025\/05\/237547-800-auto-768x768.png 768w\" sizes=\"auto, (max-width: 800px) 100vw, 800px\" \/><\/a><\/figure><div class=\"wp-block-media-text__content\">\n<p class=\"wp-block-paragraph\"><strong>Ar Condicionado Janela Springer Midea 7500 BTU\/h Frio Eletr\u00f4nico QCK078RB &#8211; 127 Volts<\/strong>. <a href=\"https:\/\/www.friopecas.com.br\/ar-condicionado\/ar-condicionado-janela\">ar condicionado 7500 btus<\/a><\/p>\n<\/div><\/div>\n\n\n\n<h2 class=\"wp-block-heading\"><strong>Split VS <strong>Ar Condicionado<\/strong> de Janela<\/strong>&nbsp;<\/h2>\n\n\n\n<figure class=\"wp-block-image size-large\"><a href=\"https:\/\/www.friopecas.com.br\/ar-condicionado\"><img loading=\"lazy\" decoding=\"async\" width=\"1024\" height=\"588\" src=\"https:\/\/blog.friopecas.com.br\/blog\/wp-content\/uploads\/2025\/06\/ar-condicionado-eco-inverter-elgin-min-1024x588.jpg\" alt=\"\" class=\"wp-image-1706\" srcset=\"https:\/\/blog.friopecas.com.br\/blog\/wp-content\/uploads\/2025\/06\/ar-condicionado-eco-inverter-elgin-min-1024x588.jpg 1024w, https:\/\/blog.friopecas.com.br\/blog\/wp-content\/uploads\/2025\/06\/ar-condicionado-eco-inverter-elgin-min-300x172.jpg 300w, https:\/\/blog.friopecas.com.br\/blog\/wp-content\/uploads\/2025\/06\/ar-condicionado-eco-inverter-elgin-min-768x441.jpg 768w, https:\/\/blog.friopecas.com.br\/blog\/wp-content\/uploads\/2025\/06\/ar-condicionado-eco-inverter-elgin-min-1536x881.jpg 1536w, https:\/\/blog.friopecas.com.br\/blog\/wp-content\/uploads\/2025\/06\/ar-condicionado-eco-inverter-elgin-min-2048x1175.jpg 2048w\" sizes=\"auto, (max-width: 1024px) 100vw, 1024px\" \/><\/a><\/figure>\n\n\n\n<h3 class=\"wp-block-heading\"><mark style=\"background-color:rgba(0, 0, 0, 0);color:#014e7b\" class=\"has-inline-color\"><strong>Efici\u00eancia Energ\u00e9tica&nbsp;<\/strong><\/mark><\/h3>\n\n\n\n<ul class=\"wp-block-list\">\n<li>Os<strong> Splits tendem a ser mais eficientes em termos de energia<\/strong>, distribuindo o ar de forma mais uniforme e com menor consumo.<\/li>\n<\/ul>\n\n\n\n<p class=\"wp-block-paragraph\"><a href=\"https:\/\/blog.friopecas.com.br\/blog\/2025\/04\/16\/271\/?customize_changeset_uuid=4f58a2de-99cd-49e6-9fac-b36abf13f2d8&amp;customize_autosaved=on&amp;customize_messenger_channel=preview-6\">Economize e melhore a efici\u00eancia energ\u00e9tica em casa!<\/a> <img loading=\"lazy\" decoding=\"async\" width=\"30\" height=\"26\" class=\"wp-image-853\" style=\"width: 30px;\" src=\"https:\/\/blog.friopecas.com.br\/blog\/wp-content\/uploads\/2025\/05\/images-2.jpg\" alt=\"\"><\/p>\n\n\n\n<h3 class=\"wp-block-heading\"><mark style=\"background-color:rgba(0, 0, 0, 0);color:#014e7b\" class=\"has-inline-color\"><strong>N\u00edvel de Ru\u00eddo&nbsp;<\/strong><\/mark><\/h3>\n\n\n\n<ul class=\"wp-block-list\">\n<li>O <strong>split 12000 btus<\/strong> \u00e9 mais silencioso, j\u00e1 que o compressor fica do lado de fora. O ar-condicionado de janela pode ser mais barulhento, especialmente em velocidades altas.&nbsp;<\/li>\n<\/ul>\n\n\n\n<h3 class=\"wp-block-heading\"><mark style=\"background-color:rgba(0, 0, 0, 0);color:#014e7b\" class=\"has-inline-color\"><strong>Instala\u00e7\u00e3o&nbsp;<\/strong><\/mark><\/h3>\n\n\n\n<ul class=\"wp-block-list\">\n<li>A instala\u00e7\u00e3o do&nbsp;<strong>ar condicionado janela 10000<\/strong>&nbsp;\u00e9 mais simples, enquanto o Split requer a coloca\u00e7\u00e3o de duas unidades, muitas vezes necessitando de um profissional.&nbsp;<br><a href=\"https:\/\/blog.friopecas.com.br\/blog\/2025\/04\/17\/escolha-o-ar-condicionado-de-janela-ideal\/?customize_changeset_uuid=4f58a2de-99cd-49e6-9fac-b36abf13f2d8&amp;customize_autosaved=on&amp;customize_messenger_channel=preview-6\">Escolha o Ar Condicionado de janela ideal para sua casa!&nbsp;&nbsp;<\/a><\/li>\n<\/ul>\n\n\n\n<h3 class=\"wp-block-heading\"><mark style=\"background-color:rgba(0, 0, 0, 0);color:#014e7b\" class=\"has-inline-color\"><strong>Manuten\u00e7\u00e3o&nbsp;<\/strong><\/mark><\/h3>\n\n\n\n<ul class=\"wp-block-list\">\n<li>A manuten\u00e7\u00e3o do <strong>ar condicionado inverter 18000 &nbsp;<\/strong>split pode ser mais complexa devido \u00e0s duas unidades. O modelo de janela, por ser compacto, pode ser mais f\u00e1cil de manter.&nbsp;<\/li>\n<\/ul>\n\n\n\n<h3 class=\"wp-block-heading\"><strong><mark style=\"background-color:rgba(0, 0, 0, 0);color:#014e7b\" class=\"has-inline-color\">Durabilidade&nbsp;<\/mark><\/strong><\/h3>\n\n\n\n<ul class=\"wp-block-list\">\n<li>A vida \u00fatil de ambos pode ser longa se bem cuidados, mas varia conforme a marca e o modelo escolhido.&nbsp;<\/li>\n<\/ul>\n\n\n\n<h2 class=\"wp-block-heading\">Consumo de energia e economia &nbsp;<\/h2>\n\n\n\n<figure class=\"wp-block-image size-full\"><a href=\"https:\/\/www.friopecas.com.br\/ar-condicionado\/ar-condicionado-janela\"><img loading=\"lazy\" decoding=\"async\" width=\"894\" height=\"695\" src=\"https:\/\/blog.friopecas.com.br\/blog\/wp-content\/uploads\/2025\/06\/61wf1onereL._AC_UF8941000_QL80_.jpg\" alt=\"\" class=\"wp-image-1707\" srcset=\"https:\/\/blog.friopecas.com.br\/blog\/wp-content\/uploads\/2025\/06\/61wf1onereL._AC_UF8941000_QL80_.jpg 894w, https:\/\/blog.friopecas.com.br\/blog\/wp-content\/uploads\/2025\/06\/61wf1onereL._AC_UF8941000_QL80_-300x233.jpg 300w, https:\/\/blog.friopecas.com.br\/blog\/wp-content\/uploads\/2025\/06\/61wf1onereL._AC_UF8941000_QL80_-768x597.jpg 768w\" sizes=\"auto, (max-width: 894px) 100vw, 894px\" \/><\/a><\/figure>\n\n\n\n<p class=\"wp-block-paragraph\">No quesito <strong>consumo, o ar-condicionado split geralmente leva vantagem, <\/strong>principalmente os modelos com <strong>tecnologia inverter<\/strong>, <strong>que ajustam a pot\u00eancia conforme a necessidade, economizando energia<\/strong>. J\u00e1 o ar-condicionado de janela tende a consumir mais, pois funciona em pot\u00eancia constante.&nbsp;<\/p>\n\n\n\n<p class=\"wp-block-paragraph\">Tanto o ar-condicionado Split quanto o de janela t\u00eam suas vantagens. Se voc\u00ea busca conforto, sil\u00eancio e efici\u00eancia, o split \u00e9 a melhor escolha, mesmo com investimento maior. J\u00e1 para quem precisa de uma solu\u00e7\u00e3o r\u00e1pida, econ\u00f4mica e simples, o ar-condicionado de janela pode ser suficiente.&nbsp;<\/p>\n\n\n\n<p class=\"wp-block-paragraph\">Aproveita e confira os <a href=\"https:\/\/www.friopecas.com.br\/ar-condicionado?order=OrderByTopSaleDESC\">campe\u00f5es de vendas<\/a> dispon\u00edveis para seu espa\u00e7o!<\/p>\n\n\n\n<div class=\"wp-block-media-text is-stacked-on-mobile\" style=\"grid-template-columns:32% auto\"><figure class=\"wp-block-media-text__media\"><a href=\"https:\/\/www.friopecas.com.br\/ar-condicionado-split-hi-wall-inverter-lg-dual-compact-r-32-12000-btu-h-frio-s3nq12jaqal-eb2gam1-220-volts\/p\"><img loading=\"lazy\" decoding=\"async\" width=\"800\" height=\"800\" src=\"https:\/\/blog.friopecas.com.br\/blog\/wp-content\/uploads\/2025\/05\/230309-800-auto.webp\" alt=\"\" class=\"wp-image-854 size-full\" srcset=\"https:\/\/blog.friopecas.com.br\/blog\/wp-content\/uploads\/2025\/05\/230309-800-auto.webp 800w, https:\/\/blog.friopecas.com.br\/blog\/wp-content\/uploads\/2025\/05\/230309-800-auto-300x300.webp 300w, https:\/\/blog.friopecas.com.br\/blog\/wp-content\/uploads\/2025\/05\/230309-800-auto-150x150.webp 150w, https:\/\/blog.friopecas.com.br\/blog\/wp-content\/uploads\/2025\/05\/230309-800-auto-768x768.webp 768w\" sizes=\"auto, (max-width: 800px) 100vw, 800px\" \/><\/a><\/figure><div class=\"wp-block-media-text__content\">\n<p class=\"wp-block-paragraph\"><strong>Ar Condicionado <a href=\"https:\/\/www.friopecas.com.br\/ar-condicionado\/ar-condicionado-split\">Split Hi Wall Inverter LG Dual<\/a> Compact +IA R-32 12000 BTU\/h Frio S3NQ12JAQAL.EB2GAM1 \u2013 220 Volt<\/strong>s<\/p>\n<\/div><\/div>\n\n\n\n<p class=\"has-medium-font-size wp-block-paragraph\"><a href=\"https:\/\/blog.friopecas.com.br\/blog\/2025\/05\/12\/como-escolher-a-potencia-ideal-do-ar-condicionado\/\">Descubra como escolher a pot\u00eancia ideal do ar-condicionado!<\/a><br><br><strong>Escolha o ar-condicionado ideal para seu espa\u00e7o e aproveite conforto e economia todos os dias<\/strong>! <a href=\"https:\/\/www.friopecas.com.br\/ar-condicionado\">Compre na Friope\u00e7as!<\/a><br>&nbsp;<\/p>\n\n\n\n<p class=\"wp-block-paragraph\"><\/p>\n","protected":false},"excerpt":{"rendered":"<p>Quer um ambiente fresco e confort\u00e1vel? Veja qual modelo vale mais a pena: Split, silencioso e econ\u00f4mico, ou Janela, pr\u00e1tico&#8230;<\/p>\n","protected":false},"author":4,"featured_media":1709,"comment_status":"open","ping_status":"open","sticky":false,"template":"","format":"standard","meta":{"footnotes":""},"categories":[15,268],"tags":[38,43,107,105,106,33,27,62,61],"class_list":["post-837","post","type-post","status-publish","format-standard","has-post-thumbnail","hentry","category-ar-condicionado","category-tendencias","tag-ar-condicionado-7500-btus","tag-ar-condicionado-inverter","tag-ar-condicionado-inverter-18000","tag-ar-condicionado-janela","tag-ar-condicionado-janela-10000","tag-ar-condicionado-janela-inverter","tag-ar-de-janela","tag-split-12000-btus","tag-split-9000-btus"],"_links":{"self":[{"href":"https:\/\/blog.friopecas.com.br\/blog\/wp-json\/wp\/v2\/posts\/837","targetHints":{"allow":["GET"]}}],"collection":[{"href":"https:\/\/blog.friopecas.com.br\/blog\/wp-json\/wp\/v2\/posts"}],"about":[{"href":"https:\/\/blog.friopecas.com.br\/blog\/wp-json\/wp\/v2\/types\/post"}],"author":[{"embeddable":true,"href":"https:\/\/blog.friopecas.com.br\/blog\/wp-json\/wp\/v2\/users\/4"}],"replies":[{"embeddable":true,"href":"https:\/\/blog.friopecas.com.br\/blog\/wp-json\/wp\/v2\/comments?post=837"}],"version-history":[{"count":25,"href":"https:\/\/blog.friopecas.com.br\/blog\/wp-json\/wp\/v2\/posts\/837\/revisions"}],"predecessor-version":[{"id":2014,"href":"https:\/\/blog.friopecas.com.br\/blog\/wp-json\/wp\/v2\/posts\/837\/revisions\/2014"}],"wp:featuredmedia":[{"embeddable":true,"href":"https:\/\/blog.friopecas.com.br\/blog\/wp-json\/wp\/v2\/media\/1709"}],"wp:attachment":[{"href":"https:\/\/blog.friopecas.com.br\/blog\/wp-json\/wp\/v2\/media?parent=837"}],"wp:term":[{"taxonomy":"category","embeddable":true,"href":"https:\/\/blog.friopecas.com.br\/blog\/wp-json\/wp\/v2\/categories?post=837"},{"taxonomy":"post_tag","embeddable":true,"href":"https:\/\/blog.friopecas.com.br\/blog\/wp-json\/wp\/v2\/tags?post=837"}],"curies":[{"name":"wp","href":"https:\/\/api.w.org\/{rel}","templated":true}]}}