{"id":287,"date":"2025-04-17T16:09:47","date_gmt":"2025-04-17T19:09:47","guid":{"rendered":"https:\/\/blog.friopecas.com.br\/blog\/?p=287"},"modified":"2025-06-25T15:44:47","modified_gmt":"2025-06-25T18:44:47","slug":"ar-condicionado-portatil-vantagens-e-desvantagens","status":"publish","type":"post","link":"https:\/\/blog.friopecas.com.br\/blog\/2025\/04\/17\/ar-condicionado-portatil-vantagens-e-desvantagens\/","title":{"rendered":"Ar Condicionado Port\u00e1til: Vantagens e Desvantagens\u00a0"},"content":{"rendered":"\n<p class=\"has-text-align-left has-medium-font-size wp-block-paragraph\" style=\"font-style:normal;font-weight:700\"><strong><em>Saiba onde o ar-condicionado port\u00e1til \u00e9 mais eficiente, aprenda a calcular o consumo de energia e descubra o custo m\u00e9dio desse equipamento!&nbsp;<\/em><\/strong><\/p>\n\n\n\n<p class=\"wp-block-paragraph\">Quando o assunto \u00e9 climatizar ambientes sem grandes complica\u00e7\u00f5es, o ar-condicionado port\u00e1til \u00e9 uma solu\u00e7\u00e3o pr\u00e1tica e eficaz. Confira neste artigo a solu\u00e7\u00e3o ideal para seu conforto.<\/p>\n\n\n\n<h2 class=\"wp-block-heading has-text-align-left\"><mark style=\"background-color:rgba(0, 0, 0, 0);color:#026aa6\" class=\"has-inline-color\">Vantagens do Ar-Condicionado Port\u00e1til&nbsp;<\/mark><\/h2>\n\n\n\n<p class=\"wp-block-paragraph\">O ar-condicionado port\u00e1til \u00e9 uma boa op\u00e7\u00e3o para ambientes pequenos? A resposta \u00e9: com certeza!<strong> <\/strong>Uma das principais vantagens do\u202f<strong>climatizado m\u00f3vel <\/strong>se destaca a facilidade ser deslocado entre c\u00f4modos, gra\u00e7as \u00e0s rodinhas que ajudam na locomo\u00e7\u00e3o.\u202fisso \u00e9 especialmente vantajoso em casas ou apartamentos, onde a <strong>praticidade de mover o aparelho<\/strong> e climatizar diferentes ambientes faz toda a diferen\u00e7a.&nbsp;<\/p>\n\n\n\n<p class=\"wp-block-paragraph\">Outro ponto positivo \u00e9 a instala\u00e7\u00e3o simples e r\u00e1pida, sem a necessidade de t\u00e9cnicos especializados e grandes investimentos ou reformas.&nbsp;<\/p>\n\n\n\n<h2 class=\"wp-block-heading has-text-align-left\"><mark style=\"background-color:rgba(0, 0, 0, 0);color:#026aa6\" class=\"has-inline-color\">Passo a passo de como instalar o ar-condicionado port\u00e1til&nbsp;<\/mark><\/h2>\n\n\n\n<figure class=\"wp-block-image size-large is-resized\"><a href=\"https:\/\/www.friopecas.com.br\/ar-condicionado\/ar-condicionado-portatil\"><img loading=\"lazy\" decoding=\"async\" width=\"1024\" height=\"480\" src=\"https:\/\/blog.friopecas.com.br\/blog\/wp-content\/uploads\/2025\/04\/Ar-condicionado-portatil-midea-1024x480.jpeg\" alt=\"\" class=\"wp-image-687\" style=\"width:840px;height:auto\" srcset=\"https:\/\/blog.friopecas.com.br\/blog\/wp-content\/uploads\/2025\/04\/Ar-condicionado-portatil-midea-1024x480.jpeg 1024w, https:\/\/blog.friopecas.com.br\/blog\/wp-content\/uploads\/2025\/04\/Ar-condicionado-portatil-midea-300x141.jpeg 300w, https:\/\/blog.friopecas.com.br\/blog\/wp-content\/uploads\/2025\/04\/Ar-condicionado-portatil-midea-768x360.jpeg 768w, https:\/\/blog.friopecas.com.br\/blog\/wp-content\/uploads\/2025\/04\/Ar-condicionado-portatil-midea-1536x720.jpeg 1536w, https:\/\/blog.friopecas.com.br\/blog\/wp-content\/uploads\/2025\/04\/Ar-condicionado-portatil-midea.jpeg 1920w\" sizes=\"auto, (max-width: 1024px) 100vw, 1024px\" \/><\/a><\/figure>\n\n\n\n<p class=\"wp-block-paragraph\"><strong><mark style=\"background-color:rgba(0, 0, 0, 0);color:#084d75\" class=\"has-inline-color\">1\u00b0 Passo: Escolha do Local:<\/mark><\/strong>&nbsp;<\/p>\n\n\n\n<ul class=\"wp-block-list\">\n<li>\u202fPr\u00f3ximo \u00e0 Janela: O ar-condicionado port\u00e1til precisa estar perto de uma janela para expelir o ar quente para fora. Isso facilita a instala\u00e7\u00e3o e garante que o calor n\u00e3o fique preso no ambiente.&nbsp;<\/li>\n\n\n\n<li>Espa\u00e7o Adequado: Certifique-se de que o aparelho tenha espa\u00e7o suficiente ao redor para que o ar circule bem. Isso melhora a efici\u00eancia do resfriamento.\u202f&nbsp;<\/li>\n<\/ul>\n\n\n\n<p class=\"wp-block-paragraph\"><mark style=\"background-color:rgba(0, 0, 0, 0);color:#084d75\" class=\"has-inline-color\"><strong>2\u00b0Passo: Kit de Instala\u00e7\u00e3o<\/strong>&nbsp;<\/mark><\/p>\n\n\n\n<ul class=\"wp-block-list\">\n<li>A maioria dos modelos acompanha um kit com uma mangueira para expelir o ar quente e uma pe\u00e7a para vedar a janela. \u00c9 importante que esse kit seja ajust\u00e1vel, para se adaptar a janelas de diferentes larguras.&nbsp;<\/li>\n<\/ul>\n\n\n\n<p class=\"wp-block-paragraph\"><strong><mark style=\"background-color:rgba(0, 0, 0, 0);color:#084d75\" class=\"has-inline-color\">3\u00b0Passo: \u202fInstala\u00e7\u00e3o<\/mark><\/strong><\/p>\n\n\n\n<ul class=\"wp-block-list\">\n<li>\u202fMontagem da Mangueira:\u202fConecte a mangueira ao ar condicionado e \u00e0 pe\u00e7a de veda\u00e7\u00e3o da janela.&nbsp;<\/li>\n<\/ul>\n\n\n\n<ul class=\"wp-block-list\">\n<li>Veda\u00e7\u00e3o da Janela:\u202fColoque a pe\u00e7a de veda\u00e7\u00e3o na janela e ajuste-a para fixar bem a mangueira, assim o ar quente \u00e9 expelido para for&nbsp;<\/li>\n<\/ul>\n\n\n\n<ul class=\"wp-block-list\">\n<li>Teste:\u202fLigue o aparelho e verifique se o ar quente est\u00e1 sendo expelido corretamente e se n\u00e3o h\u00e1 vazamentos.&nbsp;<\/li>\n<\/ul>\n\n\n\n<h2 class=\"wp-block-heading has-text-align-left\"><mark style=\"background-color:rgba(0, 0, 0, 0);color:#026aa6\" class=\"has-inline-color\">Como calcular o custo mensal do ar-condicionado port\u00e1til<\/mark><\/h2>\n\n\n\n<div class=\"wp-block-media-text is-stacked-on-mobile is-vertically-aligned-center\" style=\"grid-template-columns:48% auto\"><figure class=\"wp-block-media-text__media\"><a href=\"https:\/\/www.friopecas.com.br\/\"><img loading=\"lazy\" decoding=\"async\" width=\"1024\" height=\"1024\" src=\"https:\/\/blog.friopecas.com.br\/blog\/wp-content\/uploads\/2025\/04\/Ar-Condicionado-Portatil-ou-Fixo-Qual-e-Melhor-para-o-Seu-Ambiente-1.webp\" alt=\"\" class=\"wp-image-689 size-full\" srcset=\"https:\/\/blog.friopecas.com.br\/blog\/wp-content\/uploads\/2025\/04\/Ar-Condicionado-Portatil-ou-Fixo-Qual-e-Melhor-para-o-Seu-Ambiente-1.webp 1024w, https:\/\/blog.friopecas.com.br\/blog\/wp-content\/uploads\/2025\/04\/Ar-Condicionado-Portatil-ou-Fixo-Qual-e-Melhor-para-o-Seu-Ambiente-1-300x300.webp 300w, https:\/\/blog.friopecas.com.br\/blog\/wp-content\/uploads\/2025\/04\/Ar-Condicionado-Portatil-ou-Fixo-Qual-e-Melhor-para-o-Seu-Ambiente-1-150x150.webp 150w, https:\/\/blog.friopecas.com.br\/blog\/wp-content\/uploads\/2025\/04\/Ar-Condicionado-Portatil-ou-Fixo-Qual-e-Melhor-para-o-Seu-Ambiente-1-768x768.webp 768w\" sizes=\"auto, (max-width: 1024px) 100vw, 1024px\" \/><\/a><\/figure><div class=\"wp-block-media-text__content\">\n<div class=\"wp-block-columns are-vertically-aligned-center is-layout-flex wp-container-core-columns-is-layout-8f761849 wp-block-columns-is-layout-flex\">\n<div class=\"wp-block-column is-vertically-aligned-center is-layout-flow wp-block-column-is-layout-flow\" style=\"flex-basis:100%\">\n<div class=\"wp-block-group is-content-justification-space-between is-nowrap is-layout-flex wp-container-core-group-is-layout-51a6cd6a wp-block-group-is-layout-flex\">\n<p class=\"wp-block-paragraph\">O <strong>ar port\u00e1til<\/strong> geralmente custa menos que o modelo Split LG, sendo uma op\u00e7\u00e3o econ\u00f4mica para quem busca flexibilidade em ambientes com diferentes climas. Embora o consumo mensal de energia seja mais alto, \u00e9 poss\u00edvel calcular e planejar esse custo com facilidade.\u00a0<\/p>\n<\/div>\n<\/div>\n<\/div>\n<\/div><\/div>\n\n\n\n<ul class=\"wp-block-list\">\n<li><strong><mark style=\"background-color:rgba(0, 0, 0, 0);color:#084d75\" class=\"has-inline-color\">Consumo de Energia:<\/mark><\/strong>\u202fverifique o consumo em watts (W) do modelo escolhido.&nbsp;&nbsp;<\/li>\n<\/ul>\n\n\n\n<ul class=\"wp-block-list\">\n<li><strong><mark style=\"background-color:rgba(0, 0, 0, 0);color:#084d75\" class=\"has-inline-color\">Tarifa de Energia:<\/mark><\/strong>\u202fconsidere a tarifa de energia el\u00e9trica em sua regi\u00e3o (geralmente em R$\/kWh).&nbsp;<\/li>\n<\/ul>\n\n\n\n<ul class=\"wp-block-list\">\n<li><strong><mark style=\"background-color:rgba(0, 0, 0, 0);color:#084d75\" class=\"has-inline-color\">Uso Di\u00e1rio:<\/mark><\/strong>\u202fcalcule o tempo m\u00e9dio de uso por dia.&nbsp;<\/li>\n<\/ul>\n\n\n\n<ul class=\"wp-block-list\">\n<li><mark style=\"background-color:rgba(0, 0, 0, 0);color:#084d75\" class=\"has-inline-color\"><strong>F\u00f3rmula:<\/strong>\u202f<\/mark>custo mensal = (Consumo em Wh * Tarifa * Uso di\u00e1rio) \/ 1000 * 30.&nbsp;<\/li>\n<\/ul>\n\n\n\n<div class=\"wp-block-media-text is-stacked-on-mobile\" style=\"grid-template-columns:31% auto\"><figure class=\"wp-block-media-text__media\"><a href=\"https:\/\/www.friopecas.com.br\/ar-gree-12k-220-f-1030661\/p\"><img loading=\"lazy\" decoding=\"async\" width=\"1000\" height=\"1000\" src=\"https:\/\/blog.friopecas.com.br\/blog\/wp-content\/uploads\/2025\/04\/235034-1200-auto.webp\" alt=\"\" class=\"wp-image-690 size-full\" srcset=\"https:\/\/blog.friopecas.com.br\/blog\/wp-content\/uploads\/2025\/04\/235034-1200-auto.webp 1000w, https:\/\/blog.friopecas.com.br\/blog\/wp-content\/uploads\/2025\/04\/235034-1200-auto-300x300.webp 300w, https:\/\/blog.friopecas.com.br\/blog\/wp-content\/uploads\/2025\/04\/235034-1200-auto-150x150.webp 150w, https:\/\/blog.friopecas.com.br\/blog\/wp-content\/uploads\/2025\/04\/235034-1200-auto-768x768.webp 768w\" sizes=\"auto, (max-width: 1000px) 100vw, 1000px\" \/><\/a><\/figure><div class=\"wp-block-media-text__content\">\n<p class=\"wp-block-paragraph\"><strong>Ar Condicionado Port\u00e1til Gree 12000 BTU\/h Frio Mec\u00e2nico CK010052000 \u2013 127 Volts<\/strong><a href=\"https:\/\/www.friopecas.com.br\/ar-gree-12k-220-f-1030661\/p?utm_source=google&amp;utm_medium=email&amp;utm_campaign=21891650362&amp;utm_content=OFERTA+DO+DIA%21%21-\" target=\"_blank\" rel=\"noreferrer noopener\"><strong>Ar Port\u00e1til Gree 1200k-220v<\/strong><\/a><strong> \/ <\/strong><a href=\"https:\/\/www.friopecas.com.br\/acj-gree-12k-127-f-1030658\/p?utm_source=google&amp;utm_medium=email&amp;utm_campaign=21891650362&amp;utm_content=OFERTA+DO+DIA%21%21-\" target=\"_blank\" rel=\"noreferrer noopener\"><strong>Ar Port\u00e1til Gree 1200k-127v<\/strong><\/a>&nbsp;&nbsp;<\/p>\n<\/div><\/div>\n\n\n\n<p class=\"wp-block-paragraph\">Muitos modelos de <strong>ar port\u00e1til <\/strong>oferecem fun\u00e7\u00f5es adicionais, como <strong>umidificador e desumidificador<\/strong>, que ajudam a melhorar a qualidade do ar e tornam o ambiente mais saud\u00e1vel. Al\u00e9m disso, alguns modelos contam com controle remoto, permitindo ajustar a temperatura com conforto, sem precisar sair do sof\u00e1.&nbsp;<\/p>\n\n\n\n<h2 class=\"wp-block-heading has-text-align-left\"><mark style=\"background-color:rgba(0, 0, 0, 0);color:#026aa6\" class=\"has-inline-color\">Desvantagens do Climatizador Port\u00e1til e como a Friope\u00e7as pode ajudar.\u00a0<\/mark><\/h2>\n\n\n\n<p class=\"wp-block-paragraph\"><strong><mark style=\"background-color:rgba(0, 0, 0, 0);color:#084d75\" class=\"has-inline-color\">N\u00edvel de Ru\u00eddo:<\/mark> <\/strong>os <strong>ar-condicionados industriais<\/strong> port\u00e1teis podem ser um pouco barulhentos devido ao motor estar integrado ao aparelho, o que pode ser um problema para quem valoriza o sil\u00eancio.&nbsp;<\/p>\n\n\n\n<p class=\"wp-block-paragraph\"><mark style=\"background-color:rgba(0, 0, 0, 0);color:#084d75\" class=\"has-inline-color\"><strong>Capacidade de Resfriamento Limitada:<\/strong>\u202f<\/mark>geralmente adequados para ambientes pequenos, n\u00e3o s\u00e3o eficazes em espa\u00e7os maiores.&nbsp;<\/p>\n\n\n\n<p class=\"wp-block-paragraph\"><mark style=\"background-color:rgba(0, 0, 0, 0);color:#084d75\" class=\"has-inline-color\"><strong>Consumo de Energia:<\/strong>\u202f<\/mark>alguns modelos consomem mais energia do que os <a href=\"https:\/\/www.friopecas.com.br\/ar-condicionado-split-hi-wall-inverter-lg-dual-compact-r-32-9000-btuh-frio-s3nq09aaqal-eb2gam1-220-volts\/p?utm_source=google&amp;utm_medium=email&amp;utm_campaign=21891650362&amp;utm_content=OFERTA+DO+DIA%21%21-\" target=\"_blank\" rel=\"noreferrer noopener\">SplitLG<\/a> ou de <a href=\"https:\/\/www.friopecas.com.br\/ar-condicionado-janela-consul-7500-btu-h-frio-eletronico-ccn07fbana%E2%80%93127-volts\/p?utm_source=google&amp;utm_medium=email&amp;utm_campaign=21891650362&amp;utm_content=OFERTA+DO+DIA%21%21-\" target=\"_blank\" rel=\"noreferrer noopener\">\u201cAr Janela7500<\/a>\u201d, aumentando a conta de luz. Opte por modelos com selo Procel A. A<a href=\"https:\/\/www.friopecas.com.br\/\"> Friope\u00e7as <\/a>oferece modelos com esse selo, garantindo economia na conta de luz.&nbsp;<\/p>\n\n\n\n<p class=\"wp-block-paragraph\">O ar-condicionado port\u00e1til \u00e9 a escolha ideal para quem busca praticidade, mobilidade e conforto em ambientes pequenos, sem complica\u00e7\u00f5es na instala\u00e7\u00e3o. Apesar de consumir um pouco mais de energia e gerar mais ru\u00eddo que modelos fixos, sua versatilidade e fun\u00e7\u00f5es extras compensam. <\/p>\n\n\n\n<div class=\"wp-block-media-text is-stacked-on-mobile\" style=\"grid-template-columns:38% auto\"><figure class=\"wp-block-media-text__media\"><a href=\"https:\/\/www.friopecas.com.br\/\"><img loading=\"lazy\" decoding=\"async\" width=\"1000\" height=\"1000\" src=\"https:\/\/blog.friopecas.com.br\/blog\/wp-content\/uploads\/2025\/04\/237222-1200-auto.png\" alt=\"\" class=\"wp-image-691 size-full\" srcset=\"https:\/\/blog.friopecas.com.br\/blog\/wp-content\/uploads\/2025\/04\/237222-1200-auto.png 1000w, https:\/\/blog.friopecas.com.br\/blog\/wp-content\/uploads\/2025\/04\/237222-1200-auto-300x300.png 300w, https:\/\/blog.friopecas.com.br\/blog\/wp-content\/uploads\/2025\/04\/237222-1200-auto-150x150.png 150w, https:\/\/blog.friopecas.com.br\/blog\/wp-content\/uploads\/2025\/04\/237222-1200-auto-768x768.png 768w\" sizes=\"auto, (max-width: 1000px) 100vw, 1000px\" \/><\/a><\/figure><div class=\"wp-block-media-text__content\">\n<p class=\"wp-block-paragraph\"><strong>Ar Condicionado Port\u00e1til Gree 10000 BTU\/h Frio GPC10AP-D6NNA1A \u2013 220 Volts<\/strong>.<a href=\"https:\/\/www.friopecas.com.br\/ar-portatil-gree-10k-220-f-1030592\/p\">ar condicionado port\u00e1til 220v<\/a><\/p>\n<\/div><\/div>\n\n\n\n<p class=\"has-text-align-left has-medium-font-size wp-block-paragraph\"><strong>Com o Ar Port\u00e1til, voc\u00ea aproveita um clima agrad\u00e1vel onde e quando quiser!<\/strong> <a href=\"https:\/\/www.friopecas.com.br\/\">Compre na Friope\u00e7as! <\/a><\/p>\n\n\n\n<p class=\"wp-block-paragraph\"><\/p>\n","protected":false},"excerpt":{"rendered":"<p>Saiba onde o ar-condicionado port\u00e1til \u00e9 mais eficiente, aprenda a calcular o consumo de energia e descubra o custo m\u00e9dio desse equipamento!\u00a0<\/p>\n","protected":false},"author":4,"featured_media":685,"comment_status":"open","ping_status":"open","sticky":false,"template":"","format":"standard","meta":{"footnotes":""},"categories":[15,268],"tags":[56,57,38,50,52,53,54,55,51],"class_list":["post-287","post","type-post","status-publish","format-standard","has-post-thumbnail","hentry","category-ar-condicionado","category-tendencias","tag-ar","tag-ar-condicionado","tag-ar-condicionado-7500-btus","tag-ar-condicionado-portatil","tag-ar-portatil","tag-ar-portatil-gree","tag-climatizador-industrial","tag-climatizador-movel","tag-climatizador-portatil"],"_links":{"self":[{"href":"https:\/\/blog.friopecas.com.br\/blog\/wp-json\/wp\/v2\/posts\/287","targetHints":{"allow":["GET"]}}],"collection":[{"href":"https:\/\/blog.friopecas.com.br\/blog\/wp-json\/wp\/v2\/posts"}],"about":[{"href":"https:\/\/blog.friopecas.com.br\/blog\/wp-json\/wp\/v2\/types\/post"}],"author":[{"embeddable":true,"href":"https:\/\/blog.friopecas.com.br\/blog\/wp-json\/wp\/v2\/users\/4"}],"replies":[{"embeddable":true,"href":"https:\/\/blog.friopecas.com.br\/blog\/wp-json\/wp\/v2\/comments?post=287"}],"version-history":[{"count":20,"href":"https:\/\/blog.friopecas.com.br\/blog\/wp-json\/wp\/v2\/posts\/287\/revisions"}],"predecessor-version":[{"id":2150,"href":"https:\/\/blog.friopecas.com.br\/blog\/wp-json\/wp\/v2\/posts\/287\/revisions\/2150"}],"wp:featuredmedia":[{"embeddable":true,"href":"https:\/\/blog.friopecas.com.br\/blog\/wp-json\/wp\/v2\/media\/685"}],"wp:attachment":[{"href":"https:\/\/blog.friopecas.com.br\/blog\/wp-json\/wp\/v2\/media?parent=287"}],"wp:term":[{"taxonomy":"category","embeddable":true,"href":"https:\/\/blog.friopecas.com.br\/blog\/wp-json\/wp\/v2\/categories?post=287"},{"taxonomy":"post_tag","embeddable":true,"href":"https:\/\/blog.friopecas.com.br\/blog\/wp-json\/wp\/v2\/tags?post=287"}],"curies":[{"name":"wp","href":"https:\/\/api.w.org\/{rel}","templated":true}]}}