{"id":278,"date":"2025-04-17T17:19:46","date_gmt":"2025-04-17T20:19:46","guid":{"rendered":"https:\/\/blog.friopecas.com.br\/blog\/?p=278"},"modified":"2025-06-20T08:32:32","modified_gmt":"2025-06-20T11:32:32","slug":"escolha-o-ar-condicionado-de-janela-ideal","status":"publish","type":"post","link":"https:\/\/blog.friopecas.com.br\/blog\/2025\/04\/17\/escolha-o-ar-condicionado-de-janela-ideal\/","title":{"rendered":"Ar-Condicionado de Janela: como escolher o modelo ideal"},"content":{"rendered":"\n<p class=\"has-text-align-left has-medium-font-size wp-block-paragraph\"><strong><em>Veja os melhores tipos de ar-condicionado de janela e aproveite conforto e efici\u00eancia o ano todo!<\/em><\/strong><\/p>\n\n\n\n<p class=\"has-text-align-left wp-block-paragraph\"><br>Quando o assunto \u00e9 climatizar ambientes, seja em resid\u00eancias ou escrit\u00f3rios, o\u202f<a href=\"https:\/\/www.friopecas.com.br\/ar-condicionado\/ar-condicionado-janela\" target=\"_blank\" rel=\"noreferrer noopener\"><strong>ar-condicionado de janela<\/strong>\u202f<\/a>\u00e9 uma op\u00e7\u00e3o que ganha destaque por sua simplicidade e custo benef\u00edcio. Comparado aos <a href=\"https:\/\/www.friopecas.com.br\/ar-condicionado\" target=\"_blank\" rel=\"noreferrer noopener\"><strong>modelos Split<\/strong><\/a>, ele se tornou uma escolha pr\u00e1tica para muitas pessoas.&nbsp;&nbsp;Veja neste guia tudo <strong>sobre ar-condicionado de janela e com escolher o modelo ideal para seu ambiente!<\/strong><\/p>\n\n\n\n<h2 class=\"wp-block-heading has-text-align-left\"><strong><mark style=\"background-color:rgba(0, 0, 0, 0);color:#025d92\" class=\"has-inline-color\">Entendendo o Ar-Condicionado de Janela&nbsp;<\/mark><\/strong><\/h2>\n\n\n\n<p class=\"has-text-align-left wp-block-paragraph\">O <strong>ar condicionado janela 7500<\/strong> \u00e9 um aparelho compacto que combina efici\u00eancia e praticidade. Sua <strong>instala\u00e7\u00e3o f\u00e1cil<\/strong> elimina a necessidade de quebrar paredes ou instalar tubula\u00e7\u00f5es adicionais, <strong>pois \u00e9 encaixado diretamente na janela<\/strong>. Al\u00e9m disso, \u00e9 uma op\u00e7\u00e3o econ\u00f4mica tanto na aquisi\u00e7\u00e3o quanto na manuten\u00e7\u00e3o, ideal para quem busca economia sem abrir m\u00e3o do conforto.<\/p>\n\n\n\n<figure class=\"wp-block-image size-full is-resized\"><a href=\"https:\/\/www.friopecas.com.br\/ar-condicionado\"><img loading=\"lazy\" decoding=\"async\" width=\"760\" height=\"300\" src=\"https:\/\/blog.friopecas.com.br\/blog\/wp-content\/uploads\/2025\/04\/ar-condicionado-de-janela.webp\" alt=\"\" class=\"wp-image-678\" style=\"width:840px;height:auto\" srcset=\"https:\/\/blog.friopecas.com.br\/blog\/wp-content\/uploads\/2025\/04\/ar-condicionado-de-janela.webp 760w, https:\/\/blog.friopecas.com.br\/blog\/wp-content\/uploads\/2025\/04\/ar-condicionado-de-janela-300x118.webp 300w\" sizes=\"auto, (max-width: 760px) 100vw, 760px\" \/><\/a><\/figure>\n\n\n\n<h2 class=\"wp-block-heading\"><strong><mark style=\"background-color:rgba(0, 0, 0, 0);color:#025d92\" class=\"has-inline-color\">Tipos de Ar-Condicionado de Janela: Mec\u00e2nico x Eletr\u00f4nico<\/mark><\/strong><\/h2>\n\n\n\n<p class=\"wp-block-paragraph\">O<strong> ar de janela mec\u00e2nico<\/strong> \u00e9 uma boa escolha para quem busca uma maneira simples e barata de refrescar o ambiente. Com <strong>bot\u00f5es f\u00e1ceis de usar, voc\u00ea pode ajustar a temperatura sem dificuldades<\/strong>. Embora n\u00e3o tenha controle remoto, \u00e9 pr\u00e1tico e perfeito para quem quer uma solu\u00e7\u00e3o eficiente sem complica\u00e7\u00f5es.\u00a0\u00a0<\/p>\n\n\n\n<p class=\"wp-block-paragraph\"><mark style=\"background-color:rgba(0, 0, 0, 0)\" class=\"has-inline-color has-black-color\">Confira nossos <strong>melhores modelos de<\/strong><\/mark><mark style=\"background-color:rgba(0, 0, 0, 0)\" class=\"has-inline-color has-cyan-bluish-gray-color\"><strong> <\/strong><a href=\"https:\/\/www.friopecas.com.br\/ar-condicionado\/ar-condicionado-janela\/mecanico?initialMap=c,c&amp;initialQuery=ar-condicionado\/ar-condicionado-janela&amp;map=category-1,category-2,tipo\"><strong>ar-condicionado mec\u00e2nico!<\/strong>&nbsp;<\/a><\/mark><br><\/p>\n\n\n\n<div class=\"wp-block-media-text is-stacked-on-mobile\" style=\"grid-template-columns:29% auto\"><figure class=\"wp-block-media-text__media\"><a href=\"https:\/\/www.friopecas.com.br\/ar-condicionado\/ar-condicionado-janela\"><img loading=\"lazy\" decoding=\"async\" width=\"1000\" height=\"1000\" src=\"https:\/\/blog.friopecas.com.br\/blog\/wp-content\/uploads\/2025\/04\/237267-1200-auto.png\" alt=\"\" class=\"wp-image-680 size-full\" srcset=\"https:\/\/blog.friopecas.com.br\/blog\/wp-content\/uploads\/2025\/04\/237267-1200-auto.png 1000w, https:\/\/blog.friopecas.com.br\/blog\/wp-content\/uploads\/2025\/04\/237267-1200-auto-300x300.png 300w, https:\/\/blog.friopecas.com.br\/blog\/wp-content\/uploads\/2025\/04\/237267-1200-auto-150x150.png 150w, https:\/\/blog.friopecas.com.br\/blog\/wp-content\/uploads\/2025\/04\/237267-1200-auto-768x768.png 768w\" sizes=\"auto, (max-width: 1000px) 100vw, 1000px\" \/><\/a><\/figure><div class=\"wp-block-media-text__content\">\n<p class=\"wp-block-paragraph\"><strong>Ar Condicionado Janela Consul 7500 BTU\/h Frio Eletr\u00f4nico CCN07FBANA \u2013 127 Volts<\/strong>.&nbsp;<a href=\"https:\/\/www.friopecas.com.br\/ar-condicionado\/ar-condicionado-janela\/mecanico?initialMap=c,c&amp;initialQuery=ar-condicionado\/ar-condicionado-janela&amp;map=category-1,category-2,tipo\" target=\"_blank\" rel=\"noreferrer noopener\">ar condicionado 7500 btus<\/a>.<a href=\"https:\/\/www.friopecas.com.br\/ar-condicionado\/ar-condicionado-janela\/mecanico?initialMap=c,c&amp;initialQuery=ar-condicionado\/ar-condicionado-janela&amp;map=category-1,category-2,tipo&amp;order=OrderByTopSaleDESC\" target=\"_blank\" rel=\"noreferrer noopener\">ar condicionado 1000 btus janela<\/a>&nbsp;<\/p>\n<\/div><\/div>\n\n\n\n<p class=\"has-text-align-left wp-block-paragraph\">Por outro lado, o <strong>ar-condicionado de janela eletr\u00f4nico traz mais conforto e praticidade<\/strong>. <strong>Com um controle remoto,<\/strong> <strong>voc\u00ea pode ajustar as configura\u00e7\u00f5es de forma f\u00e1cil e r\u00e1pida<\/strong>. Ele normalmente vem com um <strong>painel digital LED<\/strong> que mostra as informa\u00e7\u00f5es em tempo real. Esse modelo tem mais funcionalidades e \u00e9 mais econ\u00f4mico em rela\u00e7\u00e3o ao consumo de energia.\u00a0<br><br>Al\u00e9m disso, existem os modelos <a href=\"https:\/\/www.friopecas.com.br\/ar-condicionado\/ar-condicionado-janela\" target=\"_blank\" rel=\"noreferrer noopener\"><strong>ar de janela inverter<\/strong><\/a>, que s\u00e3o \u00f3timos para quem busca efici\u00eancia. Eles ajustam a velocidade do compressor, mantendo a temperatura est\u00e1vel e economizando energia. Os modelos com Wi-Fi e baixo ru\u00eddo oferecem tecnologia avan\u00e7ada e opera\u00e7\u00e3o silenciosa, garantindo conforto e tranquilidade.\u00a0<\/p>\n\n\n\n<p class=\"has-text-align-left wp-block-paragraph\"><a href=\"https:\/\/www.friopecas.com.br\/ar%20condicionado%20de%20janela?_q=Ar%20condicionado%20de%20janela&amp;map=ft\"><mark style=\"background-color:rgba(0, 0, 0, 0)\" class=\"has-inline-color has-black-color\">Confira e aposte nos melhores Ar de Janela  do mercado dispon\u00edveis! <\/mark>\u00a0<\/a><br><a href=\"https:\/\/blog.friopecas.com.br\/blog\/2025\/04\/16\/https-blog-friopecas-com-br-blog-tecnologiainverte-arcondicionado\/\">Tecnologia Inverter: O segredo do Ar-Condicionado eficiente<\/a><br><\/p>\n\n\n\n<div class=\"wp-block-media-text is-stacked-on-mobile\" style=\"grid-template-columns:24% auto\"><figure class=\"wp-block-media-text__media\"><a href=\"https:\/\/www.friopecas.com.br\/ar-condicionado-janela-consul-75000-btu-h-frio-mecanico-ccb07fbana-127-volts\/p\"><img loading=\"lazy\" decoding=\"async\" width=\"1000\" height=\"1000\" src=\"https:\/\/blog.friopecas.com.br\/blog\/wp-content\/uploads\/2025\/04\/237452-1200-auto.webp\" alt=\"\" class=\"wp-image-681 size-full\" srcset=\"https:\/\/blog.friopecas.com.br\/blog\/wp-content\/uploads\/2025\/04\/237452-1200-auto.webp 1000w, https:\/\/blog.friopecas.com.br\/blog\/wp-content\/uploads\/2025\/04\/237452-1200-auto-300x300.webp 300w, https:\/\/blog.friopecas.com.br\/blog\/wp-content\/uploads\/2025\/04\/237452-1200-auto-150x150.webp 150w, https:\/\/blog.friopecas.com.br\/blog\/wp-content\/uploads\/2025\/04\/237452-1200-auto-768x768.webp 768w\" sizes=\"auto, (max-width: 1000px) 100vw, 1000px\" \/><\/a><\/figure><div class=\"wp-block-media-text__content\">\n<p class=\"wp-block-paragraph\"><strong>Ar Condicionado Janela Consul 7500 BTU\/h Frio Mec\u00e2nico CCB07FBANA \u2013 127 Volts<\/strong>.&nbsp;<a href=\"https:\/\/www.friopecas.com.br\/ar-condicionado\" target=\"_blank\" rel=\"noreferrer noopener\">ar condicionado janela springer 7500<\/a>.<a href=\"https:\/\/www.friopecas.com.br\/ar-condicionado\" target=\"_blank\" rel=\"noreferrer noopener\">ar condicionado janela 1000<\/a>&nbsp;&nbsp;&nbsp;&nbsp;&nbsp;&nbsp;&nbsp;&nbsp;&nbsp;<\/p>\n<\/div><\/div>\n\n\n\n<div class=\"wp-block-media-text is-stacked-on-mobile\" style=\"grid-template-columns:27% auto\"><figure class=\"wp-block-media-text__media\"><a href=\"https:\/\/www.friopecas.com.br\/ar-condicionado\/ar-condicionado-janela\"><img loading=\"lazy\" decoding=\"async\" width=\"1000\" height=\"1000\" src=\"https:\/\/blog.friopecas.com.br\/blog\/wp-content\/uploads\/2025\/04\/244957-1200-auto.png\" alt=\"\" class=\"wp-image-682 size-full\" srcset=\"https:\/\/blog.friopecas.com.br\/blog\/wp-content\/uploads\/2025\/04\/244957-1200-auto.png 1000w, https:\/\/blog.friopecas.com.br\/blog\/wp-content\/uploads\/2025\/04\/244957-1200-auto-300x300.png 300w, https:\/\/blog.friopecas.com.br\/blog\/wp-content\/uploads\/2025\/04\/244957-1200-auto-150x150.png 150w, https:\/\/blog.friopecas.com.br\/blog\/wp-content\/uploads\/2025\/04\/244957-1200-auto-768x768.png 768w\" sizes=\"auto, (max-width: 1000px) 100vw, 1000px\" \/><\/a><\/figure><div class=\"wp-block-media-text__content\">\n<p class=\"wp-block-paragraph\"><strong>Ar Condicionado Janela Gree 7000 BTU\/h Frio R32 Eletr\u00f4nico GJC07BV-A6NRND1A \u2013 127 Volts<\/strong> <a href=\"https:\/\/www.friopecas.com.br\/ar-condicionado\/ar-condicionado-janela\" target=\"_blank\" rel=\"noreferrer noopener\">ar condicionado janela 7500<\/a><\/p>\n<\/div><\/div>\n\n\n\n<h2 class=\"wp-block-heading has-text-align-left\"><strong><mark style=\"background-color:rgba(0, 0, 0, 0);color:#025d92\" class=\"has-inline-color\">Vantagens do Ar-Condicionado de Janela<\/mark><\/strong><\/h2>\n\n\n\n<figure class=\"wp-block-image size-full\"><a href=\"https:\/\/www.friopecas.com.br\/ar-condicionado\"><img loading=\"lazy\" decoding=\"async\" width=\"957\" height=\"230\" src=\"https:\/\/blog.friopecas.com.br\/blog\/wp-content\/uploads\/2025\/04\/Ar_Condicionado_de_Janela_Inverter_7500_BTUs.webp\" alt=\"\" class=\"wp-image-683\" srcset=\"https:\/\/blog.friopecas.com.br\/blog\/wp-content\/uploads\/2025\/04\/Ar_Condicionado_de_Janela_Inverter_7500_BTUs.webp 957w, https:\/\/blog.friopecas.com.br\/blog\/wp-content\/uploads\/2025\/04\/Ar_Condicionado_de_Janela_Inverter_7500_BTUs-300x72.webp 300w, https:\/\/blog.friopecas.com.br\/blog\/wp-content\/uploads\/2025\/04\/Ar_Condicionado_de_Janela_Inverter_7500_BTUs-768x185.webp 768w\" sizes=\"auto, (max-width: 957px) 100vw, 957px\" \/><\/a><\/figure>\n\n\n\n<p class=\"wp-block-paragraph\">Uma das melhores coisas sobre o <strong>consul inverter janela<\/strong> \u00e9 que ele pode ser instalado sem precisar fazer reformas. Existem suportes especiais que facilitam a instala\u00e7\u00e3o na janela, tornando o processo simples e sem sujeira.&nbsp;<\/p>\n\n\n\n<p class=\"wp-block-paragraph\">Veja as principais vantagens do ar-condicionado de janela:\u00a0<\/p>\n\n\n\n<ul class=\"wp-block-list\">\n<li><mark style=\"background-color:rgba(0, 0, 0, 0);color:#015789\" class=\"has-inline-color\"><strong>Econ\u00f4mico para pequenos espa\u00e7os:<\/strong> <\/mark>ideal para quartos ou salas pequenas.&nbsp;<\/li>\n<\/ul>\n\n\n\n<ul class=\"wp-block-list\">\n<li><mark style=\"background-color:rgba(0, 0, 0, 0);color:#015789\" class=\"has-inline-color\"><strong>Instala\u00e7\u00e3o f\u00e1cil:<\/strong>\u202f<\/mark> n\u00e3o precisa de grandes reformas.&nbsp;<\/li>\n<\/ul>\n\n\n\n<ul class=\"wp-block-list\">\n<li><strong><mark style=\"background-color:rgba(0, 0, 0, 0);color:#015789\" class=\"has-inline-color\">Design compacto:<\/mark><\/strong>\u202focupa pouco espa\u00e7o, perfeito para locais menores.&nbsp;<\/li>\n<\/ul>\n\n\n\n<ul class=\"wp-block-list\">\n<li><strong><mark style=\"background-color:rgba(0, 0, 0, 0);color:#015789\" class=\"has-inline-color\">Manuten\u00e7\u00e3o simples:<\/mark><\/strong>\u202ff\u00e1cil de cuidar e mais barato.&nbsp;<\/li>\n<\/ul>\n\n\n\n<ul class=\"wp-block-list\">\n<li><strong><mark style=\"background-color:rgba(0, 0, 0, 0);color:#015789\" class=\"has-inline-color\">Desempenho eficaz:<\/mark><\/strong>\u202ffunciona melhor que os modelos port\u00e1teis.&nbsp;<\/li>\n<\/ul>\n\n\n\n<ul class=\"wp-block-list\">\n<li><mark style=\"background-color:rgba(0, 0, 0, 0);color:#015789\" class=\"has-inline-color\"><strong>Versatilidade na instala\u00e7\u00e3o:<\/strong>\u202f<\/mark>pode ser adaptado a diferentes ambientes.&nbsp;<\/li>\n<\/ul>\n\n\n\n<ul class=\"wp-block-list\">\n<li><mark style=\"background-color:rgba(0, 0, 0, 0);color:#015789\" class=\"has-inline-color\"><strong>Unidade integrada:<\/strong>\u202f<\/mark>todos os componentes est\u00e3o em um s\u00f3 bloco.&nbsp;<\/li>\n<\/ul>\n\n\n\n<p class=\"wp-block-paragraph\">O ar-condicionado de janela \u00e9 uma \u00f3tima op\u00e7\u00e3o para quem busca conforto e praticidade no resfriamento. Com uma variedade de modelos, desde os sistemas inverter at\u00e9 as op\u00e7\u00f5es com Wi-Fi, voc\u00ea certamente encontrar\u00e1 a escolha perfeita para o seu espa\u00e7o na <a href=\"https:\/\/www.friopecas.com.br\/\" target=\"_blank\" rel=\"noreferrer noopener\">Friope\u00e7as<\/a>!\u00a0<\/p>\n\n\n\n<p class=\"wp-block-paragraph\"><a href=\"https:\/\/blog.friopecas.com.br\/blog\/2025\/06\/10\/ar-condicionado-split-vs-janela-qual-e-a-melhor-opcao\/\">Ar-condicionado Split vs Janela: qual \u00e9 melhor?\u00a0<\/a><br><strong>N\u00e3o perca a chance de conferir nosso <a href=\"https:\/\/www.friopecas.com.br\/ar-condicionado\" target=\"_blank\" rel=\"noreferrer noopener\">cat\u00e1logo na Friope\u00e7as<\/a>!\u00a0<\/strong><\/p>\n\n\n\n<p class=\"wp-block-paragraph\"><\/p>\n","protected":false},"excerpt":{"rendered":"<p>Descubra os melhores tipos de ar-condicionado de janela e aproveite conforto e efici\u00eancia o ano todo!<\/p>\n","protected":false},"author":4,"featured_media":676,"comment_status":"open","ping_status":"open","sticky":false,"template":"","format":"standard","meta":{"footnotes":""},"categories":[15,268],"tags":[39,38,24,35,41,30,34,29,33,37,27,40,31,32,28,36,42],"class_list":["post-278","post","type-post","status-publish","format-standard","has-post-thumbnail","hentry","category-ar-condicionado","category-tendencias","tag-ar-condicionado-1000-btus-janela","tag-ar-condicionado-7500-btus","tag-ar-condicionado-de-janela","tag-ar-condicionado-inverter-janela","tag-ar-condicionado-janela-1000","tag-ar-condicionado-janela-10000-btus-eletronico-10000-btus","tag-ar-condicionado-janela-7500","tag-ar-condicionado-janela-eletronico","tag-ar-condicionado-janela-inverter","tag-ar-condicionado-janela-springer","tag-ar-de-janela","tag-ar-de-janela-21000-btus","tag-ar-de-janela-7500","tag-ar-de-janela-inverter","tag-ar-janela-inverter","tag-consul-inverter-janela","tag-frio-pecas"],"_links":{"self":[{"href":"https:\/\/blog.friopecas.com.br\/blog\/wp-json\/wp\/v2\/posts\/278","targetHints":{"allow":["GET"]}}],"collection":[{"href":"https:\/\/blog.friopecas.com.br\/blog\/wp-json\/wp\/v2\/posts"}],"about":[{"href":"https:\/\/blog.friopecas.com.br\/blog\/wp-json\/wp\/v2\/types\/post"}],"author":[{"embeddable":true,"href":"https:\/\/blog.friopecas.com.br\/blog\/wp-json\/wp\/v2\/users\/4"}],"replies":[{"embeddable":true,"href":"https:\/\/blog.friopecas.com.br\/blog\/wp-json\/wp\/v2\/comments?post=278"}],"version-history":[{"count":31,"href":"https:\/\/blog.friopecas.com.br\/blog\/wp-json\/wp\/v2\/posts\/278\/revisions"}],"predecessor-version":[{"id":1985,"href":"https:\/\/blog.friopecas.com.br\/blog\/wp-json\/wp\/v2\/posts\/278\/revisions\/1985"}],"wp:featuredmedia":[{"embeddable":true,"href":"https:\/\/blog.friopecas.com.br\/blog\/wp-json\/wp\/v2\/media\/676"}],"wp:attachment":[{"href":"https:\/\/blog.friopecas.com.br\/blog\/wp-json\/wp\/v2\/media?parent=278"}],"wp:term":[{"taxonomy":"category","embeddable":true,"href":"https:\/\/blog.friopecas.com.br\/blog\/wp-json\/wp\/v2\/categories?post=278"},{"taxonomy":"post_tag","embeddable":true,"href":"https:\/\/blog.friopecas.com.br\/blog\/wp-json\/wp\/v2\/tags?post=278"}],"curies":[{"name":"wp","href":"https:\/\/api.w.org\/{rel}","templated":true}]}}