{"id":271,"date":"2025-04-16T09:39:11","date_gmt":"2025-04-16T12:39:11","guid":{"rendered":"https:\/\/blog.friopecas.com.br\/blog\/?p=271"},"modified":"2025-06-25T16:57:47","modified_gmt":"2025-06-25T19:57:47","slug":"271","status":"publish","type":"post","link":"https:\/\/blog.friopecas.com.br\/blog\/2025\/04\/16\/271\/","title":{"rendered":"Economize e melhore a efici\u00eancia energ\u00e9tica em casa!"},"content":{"rendered":"\n<p class=\"has-text-align-left has-medium-font-size wp-block-paragraph\"><strong><em>Quer reduzir sua conta de luz? Saiba como a efici\u00eancia energ\u00e9tica faz toda a diferen\u00e7a e conhe\u00e7a estrat\u00e9gias pr\u00e1ticas para economizar energia no dia a dia<\/em>!<\/strong><\/p>\n\n\n\n<p class=\"wp-block-paragraph\">Voc\u00ea j\u00e1 parou para pensar quanto os <a href=\"https:\/\/www.friopecas.com.br\/ar-condicionado\" target=\"_blank\" rel=\"noreferrer noopener\">ar condicionado<\/a> influenciam no valor da sua conta de luz? Eles podem representar at\u00e9 30% do consumo total de energia em uma casa. Por isso, entender e aplicar conceitos de <strong>efici\u00eancia energ\u00e9tica<\/strong> \u00e9 essencial para <strong>economizar<\/strong> e contribuir para um futuro mais sustent\u00e1vel. Neste artigo, vamos entender como a\u202f<strong>efici\u00eancia funciona no seu aparelho energ\u00e9tico<\/strong>\u202f<strong>e economizar na conta de luz<\/strong>.&nbsp;<\/p>\n\n\n\n<h2 class=\"wp-block-heading has-text-align-left\"><mark style=\"background-color:rgba(0, 0, 0, 0);color:#02588a\" class=\"has-inline-color\">Entendendo a Etiqueta energ\u00e9tica&nbsp;<\/mark><\/h2>\n\n\n\n<p class=\"has-text-align-left wp-block-paragraph\">A <strong>etiqueta energ\u00e9tica<\/strong> \u00e9 uma ferramenta valiosa para descobrir a eficiencia de um aparelho. Desenvolvida pelo Inmetro e complementada pelo <strong>Selo Procel<\/strong>, essa <strong>classifica\u00e7\u00e3o varia de A<\/strong> (mais eficiente) a G (menos eficiente). Al\u00e9m disso, existem subclasses como <strong>A+++, A++ e A+<\/strong> para produtos ainda mais eficientes. Esses produtos consomem, respectivamente, 30%, 20% e 10% menos energia do que os aparelhos classificados como A.&nbsp;<\/p>\n\n\n\n<h2 class=\"wp-block-heading\"><mark style=\"background-color:rgba(0, 0, 0, 0);color:#02588a\" class=\"has-inline-color\">Das classifica\u00e7\u00f5es energ\u00e9ticas<\/mark><\/h2>\n\n\n\n<figure class=\"wp-block-image size-large\"><a href=\"https:\/\/www.friopecas.com.br\/ar-condicionado\"><img loading=\"lazy\" decoding=\"async\" width=\"1024\" height=\"683\" src=\"https:\/\/blog.friopecas.com.br\/blog\/wp-content\/uploads\/2025\/04\/20210522geladeira1img-5295ufu-1024x683.jpg\" alt=\"\" class=\"wp-image-727\" srcset=\"https:\/\/blog.friopecas.com.br\/blog\/wp-content\/uploads\/2025\/04\/20210522geladeira1img-5295ufu-1024x683.jpg 1024w, https:\/\/blog.friopecas.com.br\/blog\/wp-content\/uploads\/2025\/04\/20210522geladeira1img-5295ufu-300x200.jpg 300w, https:\/\/blog.friopecas.com.br\/blog\/wp-content\/uploads\/2025\/04\/20210522geladeira1img-5295ufu-768x512.jpg 768w, https:\/\/blog.friopecas.com.br\/blog\/wp-content\/uploads\/2025\/04\/20210522geladeira1img-5295ufu.jpg 1536w\" sizes=\"auto, (max-width: 1024px) 100vw, 1024px\" \/><\/a><\/figure>\n\n\n\n<p class=\"wp-block-paragraph\">O<mark style=\"background-color:rgba(0, 0, 0, 0);color:#014f7c\" class=\"has-inline-color\"> <strong>Selo \u201cA\u201d<\/strong> <\/mark>indica aparelhos que apresentam um bom desempenho energ\u00e9tico, oferecendo um <strong>equil\u00edbrio entre o custo e a efici\u00eancia.<\/strong>&nbsp;<br>J\u00e1 o novos selos<strong> <\/strong>A+++, A++ e A+ s\u00e3o as classifica\u00e7\u00f5es mais eficientes, indicando que os aparelhos consomem menos energia. Geralmente, esses produtos possuem <strong>tecnologias avan\u00e7adas<\/strong>, como <strong>motores inverter<\/strong>, e podem ter um custo inicial mais alto, mas garantem <strong>economia a longo prazo.<\/strong>&nbsp;<\/p>\n\n\n\n<p class=\"wp-block-paragraph\"><mark style=\"background-color:rgba(0, 0, 0, 0);color:#014f7c\" class=\"has-inline-color\"><strong>Selo B:<\/strong>\u202f<\/mark>consome um pouco mais de energia do que a classifica\u00e7\u00e3o A, o que pode aumentar os custos ao longo do tempo.&nbsp;<\/p>\n\n\n\n<p class=\"wp-block-paragraph\"><strong><mark style=\"background-color:rgba(0, 0, 0, 0);color:#014f7c\" class=\"has-inline-color\">Selo C:<\/mark>\u202f<\/strong>oferece uma efici\u00eancia razo\u00e1vel e \u00e9 comumente encontrado em marcas que priorizam outros fatores em vez da inova\u00e7\u00e3o em <strong>efici\u00eancia energ\u00e9tica.<\/strong>&nbsp;<\/p>\n\n\n\n<p class=\"wp-block-paragraph\"><mark style=\"background-color:rgba(0, 0, 0, 0);color:#014f7c\" class=\"has-inline-color\">Selos <strong>D, E, F e G:<\/strong><\/mark>\u202fs\u00e3o as classifica\u00e7\u00f5es menos eficientes, tendendo a consumir mais energia ao longo do tempo. S\u00e3o indicadas por cores que variam do alaranjado ao vermelho, simbolizando menor efici\u00eancia.&nbsp;<\/p>\n\n\n\n<p class=\"wp-block-paragraph\"><mark style=\"background-color:rgba(0, 0, 0, 0)\" class=\"has-inline-color has-black-color\">Aproveite e descubra os <a href=\"https:\/\/www.friopecas.com.br\/eletrodomesticos\" target=\"_blank\" rel=\"noreferrer noopener\"><strong>eletrodom\u00e9sticos mais eficientes<\/strong><\/a><strong> <\/strong>dispon\u00edveis para sua casa!&nbsp;<\/mark><\/p>\n\n\n\n<h2 class=\"wp-block-heading has-text-align-left\"><mark style=\"background-color:rgba(0, 0, 0, 0);color:#02588a\" class=\"has-inline-color\">Dicas da Friope\u00e7as para Economizar Energia&nbsp;<\/mark><\/h2>\n\n\n\n<figure class=\"wp-block-image size-full\"><a href=\"https:\/\/www.friopecas.com.br\/ar-condicionado\"><img loading=\"lazy\" decoding=\"async\" width=\"925\" height=\"400\" src=\"https:\/\/blog.friopecas.com.br\/blog\/wp-content\/uploads\/2025\/04\/aprenda-a-economizar-com-ar-condicionado.webp\" alt=\"\" class=\"wp-image-729\" srcset=\"https:\/\/blog.friopecas.com.br\/blog\/wp-content\/uploads\/2025\/04\/aprenda-a-economizar-com-ar-condicionado.webp 925w, https:\/\/blog.friopecas.com.br\/blog\/wp-content\/uploads\/2025\/04\/aprenda-a-economizar-com-ar-condicionado-300x130.webp 300w, https:\/\/blog.friopecas.com.br\/blog\/wp-content\/uploads\/2025\/04\/aprenda-a-economizar-com-ar-condicionado-768x332.webp 768w\" sizes=\"auto, (max-width: 925px) 100vw, 925px\" \/><\/a><\/figure>\n\n\n\n<p class=\"has-medium-font-size wp-block-paragraph\"><mark style=\"background-color:rgba(0, 0, 0, 0);color:#014f7c\" class=\"has-inline-color\"><strong>Uso Consciente<\/strong>:<\/mark> desligue os aparelhos dom\u00e9sticos da tomada quando n\u00e3o estiverem em uso para evitar o <strong>consumo em modo de espera.<\/strong>&nbsp;<\/p>\n\n\n\n<p class=\"has-medium-font-size wp-block-paragraph\"><mark style=\"background-color:rgba(0, 0, 0, 0);color:#014f7c\" class=\"has-inline-color\"><strong>Manuten\u00e7\u00e3o<\/strong>: <\/mark>fa\u00e7a a limpeza regular dos <strong>filtros e serpentinas das geladeiras e ar-condicionado <\/strong>para garantir que funcionem de maneira eficiente.&nbsp;<\/p>\n\n\n\n<p class=\"has-medium-font-size wp-block-paragraph\"><mark style=\"background-color:rgba(0, 0, 0, 0);color:#014f7c\" class=\"has-inline-color\"><strong>Tecnologias Alternativas<\/strong>:<\/mark> considere instalar pain\u00e9is solares para complementar a energia da sua casa. Isso ajuda a reduzir a depend\u00eancia da rede el\u00e9trica.&nbsp;<\/p>\n\n\n\n<p class=\"wp-block-paragraph\">Portanto adotar pr\u00e1ticas de efici\u00eancia energ\u00e9tica em produtos dom\u00e9sticos \u00e9 uma escolha inteligente que beneficia tanto o seu bolso quanto o meio ambiente.<\/p>\n\n\n\n<div class=\"wp-block-media-text is-stacked-on-mobile\" style=\"grid-template-columns:33% auto\"><figure class=\"wp-block-media-text__media\"><a href=\"https:\/\/www.friopecas.com.br\/ar-condicionado-janela-consul-75000-btu-h-frio-mecanico-ccb07fbana%E2%80%93127-volts\/p\"><img loading=\"lazy\" decoding=\"async\" width=\"1000\" height=\"1000\" src=\"https:\/\/blog.friopecas.com.br\/blog\/wp-content\/uploads\/2025\/04\/237267-1200-auto-1.png\" alt=\"\" class=\"wp-image-988 size-full\" srcset=\"https:\/\/blog.friopecas.com.br\/blog\/wp-content\/uploads\/2025\/04\/237267-1200-auto-1.png 1000w, https:\/\/blog.friopecas.com.br\/blog\/wp-content\/uploads\/2025\/04\/237267-1200-auto-1-300x300.png 300w, https:\/\/blog.friopecas.com.br\/blog\/wp-content\/uploads\/2025\/04\/237267-1200-auto-1-150x150.png 150w, https:\/\/blog.friopecas.com.br\/blog\/wp-content\/uploads\/2025\/04\/237267-1200-auto-1-768x768.png 768w\" sizes=\"auto, (max-width: 1000px) 100vw, 1000px\" \/><\/a><\/figure><div class=\"wp-block-media-text__content\">\n<p class=\"wp-block-paragraph\"><strong>Ar Condicionado Janela Consul 7500 BTU\/h Frio Eletr\u00f4nico CCN07FBANA \u2013 127 Volts<\/strong><a href=\"https:\/\/www.friopecas.com.br\/ar-condicionado\">ar condicionado janela 7500<\/a><\/p>\n<\/div><\/div>\n\n\n\n<div class=\"wp-block-media-text is-stacked-on-mobile\" style=\"grid-template-columns:33% auto\"><figure class=\"wp-block-media-text__media\"><img loading=\"lazy\" decoding=\"async\" width=\"1000\" height=\"1000\" src=\"https:\/\/blog.friopecas.com.br\/blog\/wp-content\/uploads\/2025\/04\/228540-1200-auto-1.webp\" alt=\"\" class=\"wp-image-731 size-full\" srcset=\"https:\/\/blog.friopecas.com.br\/blog\/wp-content\/uploads\/2025\/04\/228540-1200-auto-1.webp 1000w, https:\/\/blog.friopecas.com.br\/blog\/wp-content\/uploads\/2025\/04\/228540-1200-auto-1-300x300.webp 300w, https:\/\/blog.friopecas.com.br\/blog\/wp-content\/uploads\/2025\/04\/228540-1200-auto-1-150x150.webp 150w, https:\/\/blog.friopecas.com.br\/blog\/wp-content\/uploads\/2025\/04\/228540-1200-auto-1-768x768.webp 768w\" sizes=\"auto, (max-width: 1000px) 100vw, 1000px\" \/><\/figure><div class=\"wp-block-media-text__content\">\n<p class=\"wp-block-paragraph\"><strong>Ar Condicionado Split Hi Wall Electrolux Color Adapt 12000 BTU\/h Frio 3112IFBA206 \u2013 220 Volts<\/strong>.<a href=\"https:\/\/www.friopecas.com.br\/ar-condicionado\">ar condicionado 12000 btus eletrolux<\/a><\/p>\n<\/div><\/div>\n\n\n\n<p class=\"has-medium-font-size wp-block-paragraph\"><strong> Seguindo essas dicas da <a href=\"https:\/\/www.friopecas.com.br\/\" target=\"_blank\" rel=\"noreferrer noopener\">Friope\u00e7as<\/a>, voc\u00ea estar\u00e1 no caminho certo para economizar na conta de luz e ajudar \u202fa criar um futuro mais sustent\u00e1vel!\u00a0<\/strong><\/p>\n\n\n\n<p class=\"wp-block-paragraph\"><\/p>\n","protected":false},"excerpt":{"rendered":"<p>Quer reduzir sua conta de luz? Saiba como a efici\u00eancia energ\u00e9tica faz toda a diferen\u00e7a e conhe\u00e7a estrat\u00e9gias pr\u00e1ticas para economizar energia no dia a dia.<\/p>\n","protected":false},"author":4,"featured_media":725,"comment_status":"open","ping_status":"open","sticky":false,"template":"","format":"standard","meta":{"footnotes":""},"categories":[15,8],"tags":[17,16,18],"class_list":["post-271","post","type-post","status-publish","format-standard","has-post-thumbnail","hentry","category-ar-condicionado","category-dicas-friopecas","tag-ar-condicionado-eficiencia-energetica","tag-eficiencia-energetica","tag-motores-inverter"],"_links":{"self":[{"href":"https:\/\/blog.friopecas.com.br\/blog\/wp-json\/wp\/v2\/posts\/271","targetHints":{"allow":["GET"]}}],"collection":[{"href":"https:\/\/blog.friopecas.com.br\/blog\/wp-json\/wp\/v2\/posts"}],"about":[{"href":"https:\/\/blog.friopecas.com.br\/blog\/wp-json\/wp\/v2\/types\/post"}],"author":[{"embeddable":true,"href":"https:\/\/blog.friopecas.com.br\/blog\/wp-json\/wp\/v2\/users\/4"}],"replies":[{"embeddable":true,"href":"https:\/\/blog.friopecas.com.br\/blog\/wp-json\/wp\/v2\/comments?post=271"}],"version-history":[{"count":30,"href":"https:\/\/blog.friopecas.com.br\/blog\/wp-json\/wp\/v2\/posts\/271\/revisions"}],"predecessor-version":[{"id":2161,"href":"https:\/\/blog.friopecas.com.br\/blog\/wp-json\/wp\/v2\/posts\/271\/revisions\/2161"}],"wp:featuredmedia":[{"embeddable":true,"href":"https:\/\/blog.friopecas.com.br\/blog\/wp-json\/wp\/v2\/media\/725"}],"wp:attachment":[{"href":"https:\/\/blog.friopecas.com.br\/blog\/wp-json\/wp\/v2\/media?parent=271"}],"wp:term":[{"taxonomy":"category","embeddable":true,"href":"https:\/\/blog.friopecas.com.br\/blog\/wp-json\/wp\/v2\/categories?post=271"},{"taxonomy":"post_tag","embeddable":true,"href":"https:\/\/blog.friopecas.com.br\/blog\/wp-json\/wp\/v2\/tags?post=271"}],"curies":[{"name":"wp","href":"https:\/\/api.w.org\/{rel}","templated":true}]}}