{"id":236,"date":"2025-04-16T11:55:36","date_gmt":"2025-04-16T14:55:36","guid":{"rendered":"https:\/\/blog.friopecas.com.br\/blog\/?p=236"},"modified":"2025-06-25T15:59:25","modified_gmt":"2025-06-25T18:59:25","slug":"escolha-o-ar-condicionado-ideal-dicas-para-o-seu-conforto","status":"publish","type":"post","link":"https:\/\/blog.friopecas.com.br\/blog\/2025\/04\/16\/escolha-o-ar-condicionado-ideal-dicas-para-o-seu-conforto\/","title":{"rendered":"Escolha o Ar-Condicionado ideal: dicas para o seu conforto!"},"content":{"rendered":"\n<p class=\"has-medium-font-size wp-block-paragraph\"><strong><em>Descubra aqui tudo sobre ar-condicionado: tipos, benef\u00edcios e dicas exclusivas!<\/em><\/strong><br><br>Escolher o ar-condicionado perfeito \u00e9 como selecionar os instrumentos para uma orquestra; cada detalhe faz diferen\u00e7a no resultado. Avaliar a <strong>efici\u00eancia energ\u00e9tica<\/strong>, o <strong>n\u00edvel de ru\u00eddo e a capacidade de resfriamento \u00e9 fundamental <\/strong>para garantir conforto e economia. Neste artigo, voc\u00ea vai descobrir como esses fatores influenciam diretamente o seu bem-estar e o seu bolso.<\/p>\n\n\n\n<h2 class=\"wp-block-heading has-text-align-left\"><mark style=\"background-color:rgba(0, 0, 0, 0);color:#0a6da6\" class=\"has-inline-color\">Fa\u00e7a uma escolha inteligente! <\/mark><\/h2>\n\n\n\n<p class=\"wp-block-paragraph\">O primeiro passo a se pensar ao escolher o ar-condicionado \u00e9 a<strong> capacidade de resfriamento<\/strong> <strong>medida em  BTUs<\/strong> adequada ao tamanho do ambiente, um aparelho muito potente pode desperdi\u00e7ar energia. Escolha<strong> um ar-condicionado eficiente<\/strong> em energia que n\u00e3o sobrecarregue o compressor.<\/p>\n\n\n\n<p class=\"wp-block-paragraph\">Para calcular os BTUs, considere as dimens\u00f5es do ambiente e multiplique por 600 BTUs. Se o local receber luz solar direta, use 800 BTUs. Facilite sua vida e acesse <strong><a href=\"https:\/\/www.friopecas.com.br\/calculadora\">calculadora de BTUs<\/a><\/strong> dispon\u00edvel em nosso <a href=\"https:\/\/www.friopecas.com.br\/?gad_source=1&amp;gclid=EAIaIQobChMImcjF0LmeggMVGdzjBx1UXQlSEAAYASAAEgIUp_D_BwE\" target=\"_blank\" rel=\"noreferrer noopener\">site<\/a> e garanta conforto perfeito para o seu espa\u00e7o!<br><mark style=\"background-color:rgba(0, 0, 0, 0)\" class=\"has-inline-color has-black-color\"><a href=\"https:\/\/blog.friopecas.com.br\/blog\/2025\/04\/16\/271\/\">Entenda como a efici\u00eancia \u00e9 essencial para a economia na sua conta de luz.<\/a><\/mark><\/p>\n\n\n\n<h2 class=\"wp-block-heading has-text-align-left\"><mark style=\"background-color:rgba(0, 0, 0, 0);color:#0a6da6\" class=\"has-inline-color\">Tecnologia Inverter  <\/mark><\/h2>\n\n\n\n<figure class=\"wp-block-gallery has-nested-images columns-default is-cropped wp-block-gallery-1 is-layout-flex wp-block-gallery-is-layout-flex\">\n<figure class=\"wp-block-image size-large\"><a href=\"https:\/\/www.friopecas.com.br\/ar-condicionado\"><img loading=\"lazy\" decoding=\"async\" width=\"1024\" height=\"539\" data-id=\"708\" src=\"https:\/\/blog.friopecas.com.br\/blog\/wp-content\/uploads\/2025\/04\/banner-linha-ar-condicionado-1024x539.jpg\" alt=\"\" class=\"wp-image-708\" srcset=\"https:\/\/blog.friopecas.com.br\/blog\/wp-content\/uploads\/2025\/04\/banner-linha-ar-condicionado-1024x539.jpg 1024w, https:\/\/blog.friopecas.com.br\/blog\/wp-content\/uploads\/2025\/04\/banner-linha-ar-condicionado-300x158.jpg 300w, https:\/\/blog.friopecas.com.br\/blog\/wp-content\/uploads\/2025\/04\/banner-linha-ar-condicionado-768x404.jpg 768w, https:\/\/blog.friopecas.com.br\/blog\/wp-content\/uploads\/2025\/04\/banner-linha-ar-condicionado-1536x808.jpg 1536w, https:\/\/blog.friopecas.com.br\/blog\/wp-content\/uploads\/2025\/04\/banner-linha-ar-condicionado.jpg 1920w\" sizes=\"auto, (max-width: 1024px) 100vw, 1024px\" \/><\/a><\/figure>\n<\/figure>\n\n\n\n<p class=\"wp-block-paragraph\">A<strong> tecnologia Inverter<\/strong> <strong>\u00e9 ideal para reduzir o consumo e o ru\u00eddo<\/strong>. Ela ajusta a velocidade do compressor para manter a temperatura constante, evitando picos de energia e proporcionando maior economia. O <a href=\"https:\/\/www.friopecas.com.br\/ar-condicionado\/ar-condicionado-split\" target=\"_blank\" rel=\"noreferrer noopener\"><strong>SplitLG<\/strong><\/a> \u00e9&nbsp;uma boa escolha, pelo seu desempenho inverter superior e mais silencioso.<\/p>\n\n\n\n<p class=\"wp-block-paragraph\">J\u00e1 os modelos equipados com <strong>intelig\u00eancia artificial<\/strong> podem aprender com seus h\u00e1bitos de uso. Eles ajustam a temperatura e a dire\u00e7\u00e3o do vento para atender melhor \u00e0s suas necessidades.<\/p>\n\n\n\n<p class=\"wp-block-paragraph\"><a href=\"https:\/\/blog.friopecas.com.br\/blog\/2025\/04\/16\/__trashed-33\/\">Confira como a tecnologia Inverter funciona no seu ar-condicionado<\/a>! <img loading=\"lazy\" decoding=\"async\" width=\"15\" height=\"21\" class=\"wp-image-471\" style=\"width: 15px;\" src=\"https:\/\/blog.friopecas.com.br\/blog\/wp-content\/uploads\/2025\/04\/de913982e669d2762984b190fd27515c-1.jpg\" alt=\"\" srcset=\"https:\/\/blog.friopecas.com.br\/blog\/wp-content\/uploads\/2025\/04\/de913982e669d2762984b190fd27515c-1.jpg 567w, https:\/\/blog.friopecas.com.br\/blog\/wp-content\/uploads\/2025\/04\/de913982e669d2762984b190fd27515c-1-213x300.jpg 213w\" sizes=\"auto, (max-width: 15px) 100vw, 15px\" \/>  <\/p>\n\n\n\n<h2 class=\"wp-block-heading has-text-align-left\"><mark style=\"background-color:rgba(0, 0, 0, 0);color:#0a6da6\" class=\"has-inline-color\">Tipos de ar-condicionado, qual \u00e9 o melhor? <\/mark><\/h2>\n\n\n\n<p class=\"wp-block-paragraph\">Outra caracter\u00edstica importante \u00e9 o<strong> tipo de ar-condicionado<\/strong>. Para escolher o modelo ideal, \u00e9 essencial conhecer as op\u00e7\u00f5es dispon\u00edveis e como elas se encaixam no seu espa\u00e7o.<\/p>\n\n\n\n<h2 class=\"wp-block-heading has-text-align-left\"><mark style=\"background-color:rgba(0, 0, 0, 0);color:#0a6da6\" class=\"has-inline-color\">O Ar Condicionado Split: Efici\u00eancia e Sil\u00eancio<\/mark><\/h2>\n\n\n\n<p class=\"wp-block-paragraph\">O sucesso dos <a href=\"https:\/\/www.friopecas.com.br\/ar-condicionado\/ar-condicionado-split\" target=\"_blank\" rel=\"noreferrer noopener\">ar-condicionado Split<\/a> \u00e9 reconhecido por sua <strong>efici\u00eancia e opera\u00e7\u00e3o silenciosa<\/strong>. Composto por duas unidades que trabalham juntas para oferecer um <strong>resfriamento potente sem ru\u00eddos inc\u00f4modos.<\/strong> Al\u00e9m do seu estilo elegante, se fundiu ao ambiente operando de maneira impercept\u00edvel.<\/p>\n\n\n\n<p class=\"wp-block-paragraph\">S\u00e3o mais de 100 op\u00e7\u00f5es que voc\u00ea encontra no <a href=\"https:\/\/www.friopecas.com.br\/ar-condicionado\" target=\"_blank\" rel=\"noreferrer noopener\">cat\u00e1logo da Friope\u00e7as<\/a>!<\/p>\n\n\n\n<div class=\"wp-block-media-text is-stacked-on-mobile is-vertically-aligned-bottom\" style=\"grid-template-columns:33% auto\"><figure class=\"wp-block-media-text__media\"><a href=\"https:\/\/www.friopecas.com.br\/ar-condicionado-split-hi-wall-inverter-lg-dual-compact-r-32-9000-btuh-frio-s3nq09aaqal-eb2gam1-220-volts\/p\"><img loading=\"lazy\" decoding=\"async\" width=\"1000\" height=\"1000\" src=\"https:\/\/blog.friopecas.com.br\/blog\/wp-content\/uploads\/2025\/04\/1-1.png\" alt=\"\" class=\"wp-image-709 size-full\" srcset=\"https:\/\/blog.friopecas.com.br\/blog\/wp-content\/uploads\/2025\/04\/1-1.png 1000w, https:\/\/blog.friopecas.com.br\/blog\/wp-content\/uploads\/2025\/04\/1-1-300x300.png 300w, https:\/\/blog.friopecas.com.br\/blog\/wp-content\/uploads\/2025\/04\/1-1-150x150.png 150w, https:\/\/blog.friopecas.com.br\/blog\/wp-content\/uploads\/2025\/04\/1-1-768x768.png 768w\" sizes=\"auto, (max-width: 1000px) 100vw, 1000px\" \/><\/a><\/figure><div class=\"wp-block-media-text__content\">\n<p class=\"wp-block-paragraph\"><strong><strong>Ar Condicionado Split Hi Wall Inverter LG Dual Compact +IA R-32 9000 BTU\/h Frio S3NQ09AAQAL.EB2GAM1 \u2013 220 Volts<\/strong><\/strong> . <a href=\"https:\/\/www.friopecas.com.br\/ar-condicionado-split-hi-wall-inverter-lg-dual-compact-r-32-9000-btuh-frio-s3nq09aaqal-eb2gam1-220-volts\/p\" target=\"_blank\" rel=\"noreferrer noopener\"><strong>Ar split 9.000<\/strong><\/a><strong>&nbsp;&nbsp;<\/strong><\/p>\n<\/div><\/div>\n\n\n\n<h2 class=\"wp-block-heading has-text-align-left\"><mark style=\"background-color:rgba(0, 0, 0, 0);color:#0a6da6\" class=\"has-inline-color\">Ar Condicionado Split Inverter: A economia que voc\u00ea precisa!<\/mark><\/h2>\n\n\n\n<p class=\"wp-block-paragraph\">O&nbsp;<a href=\"https:\/\/www.friopecas.com.br\/ar-condicionado\/ar-condicionado-split-inverter\" target=\"_blank\" rel=\"noreferrer noopener\"><strong>Split Inverter<\/strong>&nbsp;<\/a>utiliza uma tecnologia que mant\u00e9m o compressor ligado, variando apenas a intensidade do fluxo de refrigera\u00e7\u00e3o. Isso resulta em uma <strong>economia significativa de energia<\/strong> e uma temperatura mais est\u00e1vel. Al\u00e9m disso, \u00e9 mais silencioso do que os <strong>modelos convencionais.<\/strong><\/p>\n\n\n\n<p class=\"wp-block-paragraph\">Equipado com uma tecnologia avan\u00e7ada, este modelo mant\u00e9m o compressor sempre ativo, ajustando apenas a intensidade do <strong>fluxo de refrigera\u00e7\u00e3o<\/strong>. O resultado? Uma economia impressionante de energia e uma <strong>temperatura constante<\/strong>, garantindo um ambiente sempre agrad\u00e1vel.<\/p>\n\n\n\n<p class=\"wp-block-paragraph\">Al\u00e9m disso, o Split Inverter \u00e9 mais silencioso que os modelos tradicionais, garantindo tranquilidade e bem-estar para voc\u00ea e sua fam\u00edlia.<\/p>\n\n\n\n<p class=\"wp-block-paragraph\">Veja nossas melhores ofertas de <a href=\"https:\/\/www.friopecas.com.br\/ar-condicionado\/ar-condicionado-split-inverter\" target=\"_blank\" rel=\"noreferrer noopener\">Ar condicionados Inverter<\/a>.<br>Ar-condicionado inverter ou convencional, <a href=\"https:\/\/blog.friopecas.com.br\/blog\/2025\/04\/17\/ar-condicionado-inverter-vs-convencional-qual-e-melhor\/\">qual o melhor? <\/a> <br><\/p>\n\n\n\n<div class=\"wp-block-media-text is-stacked-on-mobile\" style=\"grid-template-columns:32% auto\"><figure class=\"wp-block-media-text__media\"><a href=\"https:\/\/www.friopecas.com.br\/ar-condicionado-split-hi-wall-inverter-lg-dual-compact-r-32-12000-btu-h-frio-s3nq12jaqal-eb2gam1-220-volts\/p\"><img loading=\"lazy\" decoding=\"async\" width=\"1000\" height=\"1000\" src=\"https:\/\/blog.friopecas.com.br\/blog\/wp-content\/uploads\/2025\/04\/230309-1200-auto-1.webp\" alt=\"\" class=\"wp-image-710 size-full\" srcset=\"https:\/\/blog.friopecas.com.br\/blog\/wp-content\/uploads\/2025\/04\/230309-1200-auto-1.webp 1000w, https:\/\/blog.friopecas.com.br\/blog\/wp-content\/uploads\/2025\/04\/230309-1200-auto-1-300x300.webp 300w, https:\/\/blog.friopecas.com.br\/blog\/wp-content\/uploads\/2025\/04\/230309-1200-auto-1-150x150.webp 150w, https:\/\/blog.friopecas.com.br\/blog\/wp-content\/uploads\/2025\/04\/230309-1200-auto-1-768x768.webp 768w\" sizes=\"auto, (max-width: 1000px) 100vw, 1000px\" \/><\/a><\/figure><div class=\"wp-block-media-text__content\">\n<p class=\"wp-block-paragraph\"><strong>Ar Condicionado Split Hi Wall Inverter LG Dual Compact +IA R-32 12000 BTU\/h Frio<\/strong>.<a href=\"https:\/\/www.friopecas.com.br\/ar-condicionado-split-hi-wall-inverter-lg-dual-compact-r-32-12000-btu-h-frio-s3nq12jaqal-eb2gam1-220-volts\/p\" target=\"_blank\" rel=\"noreferrer noopener\">Split Inverter LG<\/a>.&nbsp;<a href=\"https:\/\/www.friopecas.com.br\/ar-condicionad-split-hi-wall-elgin-eco-inverter-ii-wifi-12000-btuh-quente-frio-hjqi12c2wb-220-volts-1027176\/p\" target=\"_blank\" rel=\"noreferrer noopener\">Split Inverter Elgin<\/a>&nbsp;.<a href=\"https:\/\/www.friopecas.com.br\/split-tcl-hw-9k-220-f-t-pro-in-1032066\/p\" target=\"_blank\" rel=\"noreferrer noopener\">Split 9000 BTUs Inverter<\/a>&nbsp;<\/p>\n<\/div><\/div>\n\n\n\n<h2 class=\"wp-block-heading has-text-align-left\"><mark style=\"background-color:rgba(0, 0, 0, 0);color:#0a6da6\" class=\"has-inline-color\">Ar Condicionado Port\u00e1til: flexibilidade e praticidade.<\/mark><\/h2>\n\n\n\n<p class=\"wp-block-paragraph\">Nem sempre \u00e9 vi\u00e1vel ter um <strong>ar-condicionado Split <\/strong>em cada ambiente. Para quem busca flexibilidade, os modelos port\u00e1teis s\u00e3o ideais. Eles s\u00e3o perfeitos para espa\u00e7os pequenos ou para quem quer mover o aparelho sem complica\u00e7\u00f5es.<\/p>\n\n\n\n<p class=\"wp-block-paragraph\">Al\u00e9m disso, <strong>o ar-condicionado port\u00e1til quente e frio<\/strong> pode chegar a ter 120.000 BTUs, ideal para ambientes de 14 m\u00b2, ou at\u00e9 mais.<\/p>\n\n\n\n<div class=\"wp-block-media-text is-stacked-on-mobile\" style=\"grid-template-columns:32% auto\"><figure class=\"wp-block-media-text__media\"><a href=\"https:\/\/www.friopecas.com.br\/ar-gree-12k-220-f-1030661\/p\"><img loading=\"lazy\" decoding=\"async\" width=\"1000\" height=\"1000\" src=\"https:\/\/blog.friopecas.com.br\/blog\/wp-content\/uploads\/2025\/04\/235034-1200-auto.webp\" alt=\"\" class=\"wp-image-298 size-full\" srcset=\"https:\/\/blog.friopecas.com.br\/blog\/wp-content\/uploads\/2025\/04\/235034-1200-auto.webp 1000w, https:\/\/blog.friopecas.com.br\/blog\/wp-content\/uploads\/2025\/04\/235034-1200-auto-300x300.webp 300w, https:\/\/blog.friopecas.com.br\/blog\/wp-content\/uploads\/2025\/04\/235034-1200-auto-150x150.webp 150w, https:\/\/blog.friopecas.com.br\/blog\/wp-content\/uploads\/2025\/04\/235034-1200-auto-768x768.webp 768w\" sizes=\"auto, (max-width: 1000px) 100vw, 1000px\" \/><\/a><\/figure><div class=\"wp-block-media-text__content\">\n<p class=\"wp-block-paragraph\"><strong><strong>Ar Condicionado Port\u00e1til Gree 12000 BTU\/h Frio CK010052100 \u2013 220 Volts<\/strong><\/strong>.\u202f<a href=\"https:\/\/www.friopecas.com.br\/ar-condicionado\/ar-condicionado-portatil?utm_source=google&amp;utm_medium=email&amp;utm_campaign=21891650362&amp;utm_content=OFERTA+DO+DIA%21%21-\" target=\"_blank\" rel=\"noreferrer noopener\">Ar-Condicionado Port\u00e1til<\/a>.<a href=\"https:\/\/www.friopecas.com.br\/acj-gree-12k-127-f-1030658\/p\" target=\"_blank\" rel=\"noreferrer noopener\">Port\u00e1til 12000 btus<\/a>.<a href=\"https:\/\/www.friopecas.com.br\/ar-portatil-gree-10k-220-f-in\/p?utm_source=google&amp;utm_medium=email&amp;utm_campaign=21891650362&amp;utm_content=OFERTA+DO+DIA%21%21-\" target=\"_blank\" rel=\"noreferrer noopener\">AC Port\u00e1til 10k<\/a><\/p>\n<\/div><\/div>\n\n\n\n<h2 class=\"wp-block-heading has-text-align-left\"><mark style=\"background-color:rgba(0, 0, 0, 0);color:#0a6da6\" class=\"has-inline-color\">Ar-condicionado de janela: simplicidade e economia<\/mark><\/h2>\n\n\n\n<figure class=\"wp-block-image size-large\"><a href=\"https:\/\/www.friopecas.com.br\/ar-condicionado\"><img loading=\"lazy\" decoding=\"async\" width=\"1024\" height=\"388\" src=\"https:\/\/blog.friopecas.com.br\/blog\/wp-content\/uploads\/2025\/04\/banner-showroom-sp-1024x388.webp\" alt=\"\" class=\"wp-image-711\" srcset=\"https:\/\/blog.friopecas.com.br\/blog\/wp-content\/uploads\/2025\/04\/banner-showroom-sp-1024x388.webp 1024w, https:\/\/blog.friopecas.com.br\/blog\/wp-content\/uploads\/2025\/04\/banner-showroom-sp-300x114.webp 300w, https:\/\/blog.friopecas.com.br\/blog\/wp-content\/uploads\/2025\/04\/banner-showroom-sp-768x291.webp 768w, https:\/\/blog.friopecas.com.br\/blog\/wp-content\/uploads\/2025\/04\/banner-showroom-sp.webp 1224w\" sizes=\"auto, (max-width: 1024px) 100vw, 1024px\" \/><\/a><\/figure>\n\n\n\n<p class=\"wp-block-paragraph\">O <a href=\"https:\/\/www.friopecas.com.br\/ar-condicionado\/ar-condicionado-janela?utm_source=google&amp;utm_medium=email&amp;utm_campaign=21891650362&amp;utm_content=OFERTA+DO+DIA%21%21-\" target=\"_blank\" rel=\"noreferrer noopener\">ar-condicionado de janela<\/a> \u00e9 uma op\u00e7\u00e3o ideal para quem deseja <strong>f\u00e1cil instala\u00e7\u00e3o e oferece uma boa rela\u00e7\u00e3o custo-benef\u00edcio<\/strong>. Na Friope\u00e7as, voc\u00ea encontra modelos de janela com diferentes pot\u00eancias e modelos, adequados para pequenos espa\u00e7os.<br><mark style=\"background-color:rgba(0, 0, 0, 0);color:#010101\" class=\"has-inline-color\"><a href=\"https:\/\/blog.friopecas.com.br\/blog\/2025\/04\/17\/escolha-o-ar-condicionado-de-janela-ideal\/\">Descubra os tipos de Ar-condicionado de Janela dispon\u00edveis para seu ambiente<\/a>!<\/mark><\/p>\n\n\n\n<div class=\"wp-block-media-text is-stacked-on-mobile\" style=\"grid-template-columns:32% auto\"><figure class=\"wp-block-media-text__media\"><a href=\"https:\/\/www.friopecas.com.br\/ar-condicionado-janela-consul-7500-btu-h-frio-eletronico-ccn07fbana%E2%80%93127-volts\/p\"><img loading=\"lazy\" decoding=\"async\" width=\"1000\" height=\"1000\" src=\"https:\/\/blog.friopecas.com.br\/blog\/wp-content\/uploads\/2025\/04\/237267-1200-auto.png\" alt=\"\" class=\"wp-image-299 size-full\" srcset=\"https:\/\/blog.friopecas.com.br\/blog\/wp-content\/uploads\/2025\/04\/237267-1200-auto.png 1000w, https:\/\/blog.friopecas.com.br\/blog\/wp-content\/uploads\/2025\/04\/237267-1200-auto-300x300.png 300w, https:\/\/blog.friopecas.com.br\/blog\/wp-content\/uploads\/2025\/04\/237267-1200-auto-150x150.png 150w, https:\/\/blog.friopecas.com.br\/blog\/wp-content\/uploads\/2025\/04\/237267-1200-auto-768x768.png 768w\" sizes=\"auto, (max-width: 1000px) 100vw, 1000px\" \/><\/a><\/figure><div class=\"wp-block-media-text__content\">\n<p class=\"wp-block-paragraph\"><strong><strong>Ar Condicionado Janela Consul 7500 BTU\/h Frio Eletr\u00f4nico CCN07FBANA \u2013 127 Volts<\/strong><\/strong>.&nbsp;<a href=\"https:\/\/www.friopecas.com.br\/ar-condicionado\/ar-condicionado-janela?order=OrderByTopSaleDESC\" target=\"_blank\" rel=\"noreferrer noopener\">ar 7500 btu Consul<\/a>&nbsp;.<a href=\"https:\/\/www.friopecas.com.br\/ar-condicionado-janela-gree-7000-btu-h-frio-eletronico-gjc07bv-a6nrnd1a--127-volts\/p\" target=\"_blank\" rel=\"noreferrer noopener\">ar 7500 btus consul<\/a><\/p>\n<\/div><\/div>\n\n\n\n<div class=\"wp-block-media-text is-stacked-on-mobile is-vertically-aligned-center\" style=\"grid-template-columns:33% auto\"><figure class=\"wp-block-media-text__media\"><a href=\"https:\/\/www.friopecas.com.br\/ar-condicionado-janela-consul-7500-btu-h-frio-eletronico-ccn07fbana%E2%80%93127-volts\/p\"><img loading=\"lazy\" decoding=\"async\" width=\"800\" height=\"800\" src=\"https:\/\/blog.friopecas.com.br\/blog\/wp-content\/uploads\/2025\/04\/237547-800-auto.png\" alt=\"\" class=\"wp-image-712 size-full\" srcset=\"https:\/\/blog.friopecas.com.br\/blog\/wp-content\/uploads\/2025\/04\/237547-800-auto.png 800w, https:\/\/blog.friopecas.com.br\/blog\/wp-content\/uploads\/2025\/04\/237547-800-auto-300x300.png 300w, https:\/\/blog.friopecas.com.br\/blog\/wp-content\/uploads\/2025\/04\/237547-800-auto-150x150.png 150w, https:\/\/blog.friopecas.com.br\/blog\/wp-content\/uploads\/2025\/04\/237547-800-auto-768x768.png 768w\" sizes=\"auto, (max-width: 800px) 100vw, 800px\" \/><\/a><\/figure><div class=\"wp-block-media-text__content\">\n<p class=\"wp-block-paragraph\"><strong><strong><strong>Ar Condicionado Janela Springer Midea 7500 BTU\/h Frio Eletr\u00f4nico QCK078RB &#8211; 127 Volts<\/strong><\/strong><\/strong>.&nbsp;<a href=\"https:\/\/www.friopecas.com.br\/ar-condicionado-janela-gree-7000-btu-h-frio-eletronico-gjc07bv-a6nrnd1a--127-volts\/p\" target=\"_blank\" rel=\"noreferrer noopener\">ar 7500 btus consul<\/a><\/p>\n<\/div><\/div>\n\n\n\n<h2 class=\"wp-block-heading has-text-align-left\"><mark style=\"background-color:rgba(0, 0, 0, 0);color:#0a6da6\" class=\"has-inline-color\">Split Cassete: O Discreto e Eficiente<\/mark><\/h2>\n\n\n\n<p class=\"wp-block-paragraph\">O <a href=\"https:\/\/www.friopecas.com.br\/ar-condicionado\/ar-condicionado-split-cassete\" target=\"_blank\" rel=\"noreferrer noopener\"><strong>Split Cassete<\/strong><\/a> \u00e9 uma solu\u00e7\u00e3o ideal para ambientes de escrit\u00f3rios e resid\u00eancias que buscam uma <strong>distribui\u00e7\u00e3o uniforme de ar<\/strong>. Instalado no teto, ele se integra bem ao espa\u00e7o, mantendo a est\u00e9tica e oferecendo \u00f3timo desempenho em refrigera\u00e7\u00e3o. Uma escolha ideal para lojas e restaurantes que querem um ambiente fresco sem comprometer o visual.<\/p>\n\n\n\n<div class=\"wp-block-media-text is-stacked-on-mobile\" style=\"grid-template-columns:33% auto\"><figure class=\"wp-block-media-text__media\"><a href=\"https:\/\/www.friopecas.com.br\/split-carrier-k7-r32-4v-36k-220-1-f-connect-in-1027378\/p\"><img loading=\"lazy\" decoding=\"async\" width=\"1000\" height=\"1000\" src=\"https:\/\/blog.friopecas.com.br\/blog\/wp-content\/uploads\/2025\/04\/230631-1200-auto.webp\" alt=\"\" class=\"wp-image-713 size-full\" srcset=\"https:\/\/blog.friopecas.com.br\/blog\/wp-content\/uploads\/2025\/04\/230631-1200-auto.webp 1000w, https:\/\/blog.friopecas.com.br\/blog\/wp-content\/uploads\/2025\/04\/230631-1200-auto-300x300.webp 300w, https:\/\/blog.friopecas.com.br\/blog\/wp-content\/uploads\/2025\/04\/230631-1200-auto-150x150.webp 150w, https:\/\/blog.friopecas.com.br\/blog\/wp-content\/uploads\/2025\/04\/230631-1200-auto-768x768.webp 768w\" sizes=\"auto, (max-width: 1000px) 100vw, 1000px\" \/><\/a><\/figure><div class=\"wp-block-media-text__content\">\n<p class=\"wp-block-paragraph\"><strong><strong>Ar Condicionado Split Cassete Inverter Carrier Connect 36000 BTU\/h Frio R32 Monof\u00e1sico 40KVQD36C5 \u2013 220 Volts<\/strong><\/strong><a href=\"https:\/\/www.friopecas.com.br\/split-carrier-k7-r32-4v-36k-220-1-f-connect-in-1027378\/p\" target=\"_blank\" rel=\"noreferrer noopener\">ar condicionado cassete 36000<\/a><\/p>\n<\/div><\/div>\n\n\n\n<div class=\"wp-block-media-text is-stacked-on-mobile\" style=\"grid-template-columns:32% auto\"><figure class=\"wp-block-media-text__media\"><a href=\"https:\/\/www.friopecas.com.br\/split-carrier-k7-r32-4v-36k-220-1-f-connect-in-1027378\/p\"><img loading=\"lazy\" decoding=\"async\" width=\"1000\" height=\"1000\" src=\"https:\/\/blog.friopecas.com.br\/blog\/wp-content\/uploads\/2025\/04\/238036-1200-auto.png\" alt=\"\" class=\"wp-image-714 size-full\" srcset=\"https:\/\/blog.friopecas.com.br\/blog\/wp-content\/uploads\/2025\/04\/238036-1200-auto.png 1000w, https:\/\/blog.friopecas.com.br\/blog\/wp-content\/uploads\/2025\/04\/238036-1200-auto-300x300.png 300w, https:\/\/blog.friopecas.com.br\/blog\/wp-content\/uploads\/2025\/04\/238036-1200-auto-150x150.png 150w, https:\/\/blog.friopecas.com.br\/blog\/wp-content\/uploads\/2025\/04\/238036-1200-auto-768x768.png 768w\" sizes=\"auto, (max-width: 1000px) 100vw, 1000px\" \/><\/a><\/figure><div class=\"wp-block-media-text__content\">\n<p class=\"wp-block-paragraph\"><strong><strong><strong>Ar Condicionado Split Cassete Inverter TCL 55000 BTU\/h 4 Vias Frio TAC55CSGCTINV \u2013 220 Volts<\/strong><\/strong><\/strong> <a href=\"https:\/\/www.friopecas.com.br\/split-carrier-k7-r32-4v-36k-220-1-f-connect-in-1027378\/p\" target=\"_blank\" rel=\"noreferrer noopener\"><\/a><a href=\"https:\/\/www.friopecas.com.br\/split-tcl-k7-55k-220-f-in-1033278\/p\" target=\"_blank\" rel=\"noreferrer noopener\"><strong>Split Cassete Inverter TCL<\/strong><\/a><\/p>\n<\/div><\/div>\n\n\n\n<h2 class=\"wp-block-heading has-text-align-left\"><mark style=\"background-color:rgba(0, 0, 0, 0);color:#0a6da6\" class=\"has-inline-color\">Split Piso Teto: Potente e Vers\u00e1til<\/mark><\/h2>\n\n\n\n<p class=\"wp-block-paragraph\">O <a href=\"https:\/\/www.friopecas.com.br\/ar-condicionado\/ar-condicionado-split-piso-teto\" target=\"_blank\" rel=\"noreferrer noopener\">ar condicionado Piso Teto<\/a> \u00e9 uma solu\u00e7\u00e3o moderna e eficaz para <strong>refrigerar escrit\u00f3rios de m\u00e9dio a grande espa\u00e7o<\/strong>. Sua flexibilidade de instala\u00e7\u00e3o, tanto no piso quanto no teto, permite que ele se adapte facilmente a diferentes layouts e necessidades decorativas. Al\u00e9m de garantir um conforto t\u00e9rmico constante e uniforme.<br>Descubra os melhores modelos e <a href=\"https:\/\/www.friopecas.com.br\/ar-condicionado\/ar-condicionado-split-piso-teto?order=OrderByTopSaleDESC\">campe\u00f5es de venda<\/a> no mercado!<\/p>\n\n\n\n<div class=\"wp-block-media-text is-stacked-on-mobile\" style=\"grid-template-columns:33% auto\"><figure class=\"wp-block-media-text__media\"><img loading=\"lazy\" decoding=\"async\" width=\"1000\" height=\"1000\" src=\"https:\/\/blog.friopecas.com.br\/blog\/wp-content\/uploads\/2025\/04\/233658-1200-auto.webp\" alt=\"\" class=\"wp-image-715 size-full\" srcset=\"https:\/\/blog.friopecas.com.br\/blog\/wp-content\/uploads\/2025\/04\/233658-1200-auto.webp 1000w, https:\/\/blog.friopecas.com.br\/blog\/wp-content\/uploads\/2025\/04\/233658-1200-auto-300x300.webp 300w, https:\/\/blog.friopecas.com.br\/blog\/wp-content\/uploads\/2025\/04\/233658-1200-auto-150x150.webp 150w, https:\/\/blog.friopecas.com.br\/blog\/wp-content\/uploads\/2025\/04\/233658-1200-auto-768x768.webp 768w\" sizes=\"auto, (max-width: 1000px) 100vw, 1000px\" \/><\/figure><div class=\"wp-block-media-text__content\">\n<p class=\"wp-block-paragraph\"><strong><strong>Ar Condicionado Split Piso Teto Gree G-Prime Compact Inverter 36000 BTU\/h Frio Monof\u00e1sico GULD36ZD1\/A-S \u2013 220 Volts<\/strong><\/strong>&nbsp;<a href=\"https:\/\/www.friopecas.com.br\/ar-condicionado\/ar-condicionado-split-piso-teto?order=OrderByTopSaleDESC\" target=\"_blank\" rel=\"noreferrer noopener\">piso teto 36000<\/a>&nbsp;&nbsp;&nbsp;&nbsp;<\/p>\n<\/div><\/div>\n\n\n\n<p class=\"wp-block-paragraph\">Com este guia detalhado, voc\u00ea est\u00e1 pronto para escolher o modelo ideal que atenda \u00e0s suas necessidades espec\u00edficas. Na <strong>Friope\u00e7as<\/strong>, voc\u00ea encontra uma vasta sele\u00e7\u00e3o de aparelhos das melhores marcas com condi\u00e7\u00f5es especiais de pagamento. Visite nosso <a href=\"https:\/\/www.friopecas.com.br\/?gad_source=1&amp;gclid=EAIaIQobChMImcjF0LmeggMVGdzjBx1UXQlSEAAYASAAEgIUp_D_BwE&amp;utm_source=google&amp;utm_medium=email&amp;utm_campaign=21891650362&amp;utm_content=OFERTA+DO+DIA%21%21-\" target=\"_blank\" rel=\"noreferrer noopener\">site<\/a> e descubra como podemos ajud\u00e1-lo a transformar seu espa\u00e7o em um ambiente confort\u00e1vel e eficiente!<\/p>\n\n\n\n<p class=\"has-medium-font-size wp-block-paragraph\"><strong>Transforme seu  espa\u00e7o em um ambiente confort\u00e1vel e eficiente. <a href=\"https:\/\/www.friopecas.com.br\/\">Compre na Friope\u00e7as! <\/a><\/strong><\/p>\n\n\n\n<p class=\"wp-block-paragraph\"><\/p>\n","protected":false},"excerpt":{"rendered":"<p>Descubra aqui tudo sobre ar-condicionado: tipos, benef\u00edcios e dicas exclusivas!<\/p>\n","protected":false},"author":4,"featured_media":694,"comment_status":"open","ping_status":"open","sticky":false,"template":"","format":"standard","meta":{"footnotes":""},"categories":[15,268],"tags":[24,19,21,26,25,11,23,22,10,20],"class_list":["post-236","post","type-post","status-publish","format-standard","has-post-thumbnail","hentry","category-ar-condicionado","category-tendencias","tag-ar-condicionado-de-janela","tag-ar-condicionado-ideal","tag-ar-condicionado-split","tag-economia-de-energia","tag-inteligencia-artificial","tag-split-inverter","tag-split-lg","tag-split-piso-teto","tag-tecnologia-inverter","tag-tipos-de-ar-condicionado"],"_links":{"self":[{"href":"https:\/\/blog.friopecas.com.br\/blog\/wp-json\/wp\/v2\/posts\/236","targetHints":{"allow":["GET"]}}],"collection":[{"href":"https:\/\/blog.friopecas.com.br\/blog\/wp-json\/wp\/v2\/posts"}],"about":[{"href":"https:\/\/blog.friopecas.com.br\/blog\/wp-json\/wp\/v2\/types\/post"}],"author":[{"embeddable":true,"href":"https:\/\/blog.friopecas.com.br\/blog\/wp-json\/wp\/v2\/users\/4"}],"replies":[{"embeddable":true,"href":"https:\/\/blog.friopecas.com.br\/blog\/wp-json\/wp\/v2\/comments?post=236"}],"version-history":[{"count":6,"href":"https:\/\/blog.friopecas.com.br\/blog\/wp-json\/wp\/v2\/posts\/236\/revisions"}],"predecessor-version":[{"id":2153,"href":"https:\/\/blog.friopecas.com.br\/blog\/wp-json\/wp\/v2\/posts\/236\/revisions\/2153"}],"wp:featuredmedia":[{"embeddable":true,"href":"https:\/\/blog.friopecas.com.br\/blog\/wp-json\/wp\/v2\/media\/694"}],"wp:attachment":[{"href":"https:\/\/blog.friopecas.com.br\/blog\/wp-json\/wp\/v2\/media?parent=236"}],"wp:term":[{"taxonomy":"category","embeddable":true,"href":"https:\/\/blog.friopecas.com.br\/blog\/wp-json\/wp\/v2\/categories?post=236"},{"taxonomy":"post_tag","embeddable":true,"href":"https:\/\/blog.friopecas.com.br\/blog\/wp-json\/wp\/v2\/tags?post=236"}],"curies":[{"name":"wp","href":"https:\/\/api.w.org\/{rel}","templated":true}]}}