{"id":1203,"date":"2025-06-04T11:11:43","date_gmt":"2025-06-04T14:11:43","guid":{"rendered":"https:\/\/blog.friopecas.com.br\/blog\/?p=1203"},"modified":"2025-06-20T13:59:38","modified_gmt":"2025-06-20T16:59:38","slug":"o-segredo-dos-ventiladores-portateis-para-ambientes-pequenos","status":"publish","type":"post","link":"https:\/\/blog.friopecas.com.br\/blog\/2025\/06\/04\/o-segredo-dos-ventiladores-portateis-para-ambientes-pequenos\/","title":{"rendered":"Ventiladores port\u00e1teis: conforto em pouco espa\u00e7o"},"content":{"rendered":"\n<p class=\"wp-block-paragraph\"><strong><em>Descubra como escolher o melhor ventilador port\u00e1til para ambientes pequenos e aproveite conforto e frescor onde quiser!<\/em><\/strong><br><br>Se voc\u00ea busca uma solu\u00e7\u00e3o pr\u00e1tica para refrescar espa\u00e7os pequenos, os ventiladores port\u00e1teis para ambientes pequenos podem ser exatamente o que voc\u00ea precisa. Compactos, f\u00e1ceis de transportar e econ\u00f4micos, esses produtos oferecem conforto t\u00e9rmico sem ocupar muito espa\u00e7o. Descubra neste guia as principais caracter\u00edsticas e dicas de uso para escolher o ventilador port\u00e1til ideal!&nbsp;<\/p>\n\n\n\n<h2 class=\"wp-block-heading\">Caracter\u00edsticas principais dos ventiladores port\u00e1teis para ambientes pequenos&nbsp;<\/h2>\n\n\n\n<figure class=\"wp-block-image size-full\"><a href=\"https:\/\/www.friopecas.com.br\/vertiladores?_q=vertiladores&amp;map=ft\"><img loading=\"lazy\" decoding=\"async\" width=\"1000\" height=\"542\" src=\"https:\/\/blog.friopecas.com.br\/blog\/wp-content\/uploads\/2025\/06\/ventilador-de-mesa.jpg\" alt=\"\" class=\"wp-image-1715\" srcset=\"https:\/\/blog.friopecas.com.br\/blog\/wp-content\/uploads\/2025\/06\/ventilador-de-mesa.jpg 1000w, https:\/\/blog.friopecas.com.br\/blog\/wp-content\/uploads\/2025\/06\/ventilador-de-mesa-300x163.jpg 300w, https:\/\/blog.friopecas.com.br\/blog\/wp-content\/uploads\/2025\/06\/ventilador-de-mesa-768x416.jpg 768w\" sizes=\"auto, (max-width: 1000px) 100vw, 1000px\" \/><\/a><\/figure>\n\n\n\n<p class=\"wp-block-paragraph\">Para facilitar sua escolha, conhe\u00e7a as principais caracter\u00edsticas que fazem desses ventiladores op\u00e7\u00f5es t\u00e3o populares para ambientes pequenos:<\/p>\n\n\n\n<div class=\"wp-block-media-text is-stacked-on-mobile\" style=\"grid-template-columns:33% auto\"><figure class=\"wp-block-media-text__media\"><a href=\"https:\/\/www.friopecas.com.br\/ventiladores%20portateis?_q=Ventiladores%20portateis&amp;map=ft&amp;page=3\"><img loading=\"lazy\" decoding=\"async\" width=\"800\" height=\"800\" src=\"https:\/\/blog.friopecas.com.br\/blog\/wp-content\/uploads\/2025\/06\/232782-800-auto.webp\" alt=\"\" class=\"wp-image-1710 size-full\" srcset=\"https:\/\/blog.friopecas.com.br\/blog\/wp-content\/uploads\/2025\/06\/232782-800-auto.webp 800w, https:\/\/blog.friopecas.com.br\/blog\/wp-content\/uploads\/2025\/06\/232782-800-auto-300x300.webp 300w, https:\/\/blog.friopecas.com.br\/blog\/wp-content\/uploads\/2025\/06\/232782-800-auto-150x150.webp 150w, https:\/\/blog.friopecas.com.br\/blog\/wp-content\/uploads\/2025\/06\/232782-800-auto-768x768.webp 768w\" sizes=\"auto, (max-width: 800px) 100vw, 800px\" \/><\/a><\/figure><div class=\"wp-block-media-text__content\">\n<p class=\"wp-block-paragraph\">Os <strong>ventilador mesa<\/strong> de mesa s\u00e3o aparelhos compactos, pensados para ficar sobre superf\u00edcies como mesas, bancadas ou escrivaninhas.&nbsp;<br><strong>Ventilador de Mesa Mondial Preto VTX-50-8P \u2013 220 Volts<\/strong>.<a href=\"https:\/\/www.friopecas.com.br\/ventilador-e-climatizador-de-ar\/ventiladores%20portateis?_q=Ventiladores%20portateis&amp;fuzzy=auto&amp;initialMap=ft&amp;initialQuery=ventiladores%20portateis&amp;map=category-1,ft&amp;operator=or&amp;order=OrderByTopSaleDESC\">ventilador mondial.ventilador pequeno de mesa<\/a>.<\/p>\n<\/div><\/div>\n\n\n\n<div class=\"wp-block-media-text has-media-on-the-right is-stacked-on-mobile is-vertically-aligned-center\" style=\"grid-template-columns:auto 32%\"><div class=\"wp-block-media-text__content\">\n<p class=\"wp-block-paragraph\">J\u00e1 os <strong>ventiladores de coluna t\u00eam um formato mais alto e estreito<\/strong>, ocupando pouco espa\u00e7o no ch\u00e3o, mas com maior alcance de ventila\u00e7\u00e3o.&nbsp;<br><strong>Ventilador de Coluna Brit\u00e2nia Maxx Force 40cm Preto BVT450 \u2013 127 Volts<\/strong>.<a href=\"https:\/\/www.friopecas.com.br\/ventilador-e-climatizador-de-ar\/ventiladores%20portateis?_q=Ventiladores%20portateis&amp;fuzzy=auto&amp;initialMap=ft&amp;initialQuery=ventiladores%20portateis&amp;map=category-1,ft&amp;operator=or&amp;order=OrderByTopSaleDESC\">ventilador coluna.ventilador de coluna arno.ventilador de p\u00e9 turbo<\/a><\/p>\n<\/div><figure class=\"wp-block-media-text__media\"><a href=\"https:\/\/www.friopecas.com.br\/ventilador-e-climatizador-de-ar\/ventiladores%20portateis?_q=Ventiladores%20portateis&amp;fuzzy=auto&amp;initialMap=ft&amp;initialQuery=ventiladores%20portateis&amp;map=category-1,ft&amp;operator=or&amp;order=OrderByTopSaleDESC\"><img loading=\"lazy\" decoding=\"async\" width=\"800\" height=\"800\" src=\"https:\/\/blog.friopecas.com.br\/blog\/wp-content\/uploads\/2025\/06\/227588-800-auto.webp\" alt=\"\" class=\"wp-image-1712 size-full\" srcset=\"https:\/\/blog.friopecas.com.br\/blog\/wp-content\/uploads\/2025\/06\/227588-800-auto.webp 800w, https:\/\/blog.friopecas.com.br\/blog\/wp-content\/uploads\/2025\/06\/227588-800-auto-300x300.webp 300w, https:\/\/blog.friopecas.com.br\/blog\/wp-content\/uploads\/2025\/06\/227588-800-auto-150x150.webp 150w, https:\/\/blog.friopecas.com.br\/blog\/wp-content\/uploads\/2025\/06\/227588-800-auto-768x768.webp 768w\" sizes=\"auto, (max-width: 800px) 100vw, 800px\" \/><\/a><\/figure><\/div>\n\n\n\n<p class=\"wp-block-paragraph\"><strong><mark style=\"background-color:rgba(0, 0, 0, 0);color:#034e78\" class=\"has-inline-color\">Tamanho compacto:<\/mark><\/strong>&nbsp;Ideal para quem tem pouco espa\u00e7o, podendo ser facilmente acomodado em mesas, bancadas ou cantos do ambiente.<br><br><strong><mark style=\"background-color:rgba(0, 0, 0, 0);color:#034e78\" class=\"has-inline-color\">Portabilidade:<\/mark>&nbsp;<\/strong>Leves e f\u00e1ceis de transportar, permitem que voc\u00ea leve o ventilador para onde quiser, seja para o escrit\u00f3rio, quarto ou at\u00e9 mesmo para viagens e camping.<br><br><strong><mark style=\"background-color:rgba(0, 0, 0, 0);color:#034e78\" class=\"has-inline-color\">Silenciosos:<\/mark>&nbsp;<\/strong>Muitos modelos como o <strong>ventilador de mesa silencioso <\/strong>contam com tecnologia para reduzir o ru\u00eddo, garantindo conforto, especialmente em quartos e home offices.<br><br><strong><mark style=\"background-color:rgba(0, 0, 0, 0);color:#034e78\" class=\"has-inline-color\">Ajustes de velocidade:<\/mark>&nbsp;<\/strong>Permitem controlar a intensidade do vento, adaptando a ventila\u00e7\u00e3o conforme a necessidade do momento.<br><br><mark style=\"background-color:rgba(0, 0, 0, 0);color:#034e78\" class=\"has-inline-color\"><strong>Design moderno e funcional:<\/strong>&nbsp;<\/mark>Al\u00e9m de eficientes, esses ventiladores possuem design elegante que combina com diferentes estilos de decora\u00e7\u00e3o.<\/p>\n\n\n\n<h2 class=\"wp-block-heading\">Diferen\u00e7as entre ventilador port\u00e1til de mesa e ventilador port\u00e1til de coluna<\/h2>\n\n\n\n<figure class=\"wp-block-image size-full is-resized\"><a href=\"https:\/\/www.friopecas.com.br\/vertiladores?_q=vertiladores&amp;map=ft\"><img loading=\"lazy\" decoding=\"async\" width=\"2121\" height=\"1414\" src=\"https:\/\/blog.friopecas.com.br\/blog\/wp-content\/uploads\/2025\/06\/1_4283314319.jpg\" alt=\"\" class=\"wp-image-1713\" style=\"width:840px;height:auto\" srcset=\"https:\/\/blog.friopecas.com.br\/blog\/wp-content\/uploads\/2025\/06\/1_4283314319.jpg 2121w, https:\/\/blog.friopecas.com.br\/blog\/wp-content\/uploads\/2025\/06\/1_4283314319-300x200.jpg 300w, https:\/\/blog.friopecas.com.br\/blog\/wp-content\/uploads\/2025\/06\/1_4283314319-1024x683.jpg 1024w, https:\/\/blog.friopecas.com.br\/blog\/wp-content\/uploads\/2025\/06\/1_4283314319-768x512.jpg 768w, https:\/\/blog.friopecas.com.br\/blog\/wp-content\/uploads\/2025\/06\/1_4283314319-1536x1024.jpg 1536w, https:\/\/blog.friopecas.com.br\/blog\/wp-content\/uploads\/2025\/06\/1_4283314319-2048x1365.jpg 2048w\" sizes=\"auto, (max-width: 2121px) 100vw, 2121px\" \/><\/a><\/figure>\n\n\n\n<p class=\"wp-block-paragraph\">O <strong>ventilador port\u00e1til de mesa \u00e9 menor e ideal para uso pr\u00f3ximo, <\/strong>como em cima da mesa do computador ou da escrivaninha. J\u00e1 o <strong>ventilador de p\u00e9<\/strong>, apesar de compacto, \u00e9 mais alto e pode ventilar uma \u00e1rea maior, mesmo em espa\u00e7os limitados. Ambos costumam ter ajustes de velocidade, mas o modelo de coluna geralmente oferece mais op\u00e7\u00f5es e maior pot\u00eancia.<\/p>\n\n\n\n<p class=\"wp-block-paragraph\">Para quem tem ambientes pequenos, o <strong>ventilador pequeno de mesa<\/strong> \u00e9 uma escolha pr\u00e1tica e eficiente, oferecendo conforto e mobilidade. Se voc\u00ea precisa de maior alcance, o <strong>ventilador de ch\u00e3o <\/strong>\u00e9 uma \u00f3tima alternativa, sem ocupar muito espa\u00e7o.<\/p>\n\n\n\n<p class=\"wp-block-paragraph\"><a href=\"https:\/\/www.friopecas.com.br\/climatizado?_q=climatizado&amp;map=ft\">Deixe seu ambiente climatizado com um toque de frescor e conforto! <\/a><\/p>\n\n\n\n<p class=\"wp-block-paragraph\"><\/p>\n","protected":false},"excerpt":{"rendered":"<p>Descubra como escolher o melhor ventilador port\u00e1til para ambientes pequenos e aproveite conforto e frescor onde quiser! Se voc\u00ea busca&#8230;<\/p>\n","protected":false},"author":4,"featured_media":1218,"comment_status":"open","ping_status":"open","sticky":false,"template":"","format":"standard","meta":{"footnotes":""},"categories":[177,268],"tags":[234,241,243,239,242,233,237,240,244,236,235,238],"class_list":["post-1203","post","type-post","status-publish","format-standard","has-post-thumbnail","hentry","category-eletroportateis","category-tendencias","tag-ventilador-arno","tag-ventilador-coluna","tag-ventilador-de-chao","tag-ventilador-de-coluna","tag-ventilador-de-coluna-arno","tag-ventilador-de-mesa","tag-ventilador-de-mesa-silencioso","tag-ventilador-de-pe","tag-ventilador-de-pe-turbo","tag-ventilador-mesa","tag-ventilador-mondial","tag-ventilador-pequeno-de-mesa"],"_links":{"self":[{"href":"https:\/\/blog.friopecas.com.br\/blog\/wp-json\/wp\/v2\/posts\/1203","targetHints":{"allow":["GET"]}}],"collection":[{"href":"https:\/\/blog.friopecas.com.br\/blog\/wp-json\/wp\/v2\/posts"}],"about":[{"href":"https:\/\/blog.friopecas.com.br\/blog\/wp-json\/wp\/v2\/types\/post"}],"author":[{"embeddable":true,"href":"https:\/\/blog.friopecas.com.br\/blog\/wp-json\/wp\/v2\/users\/4"}],"replies":[{"embeddable":true,"href":"https:\/\/blog.friopecas.com.br\/blog\/wp-json\/wp\/v2\/comments?post=1203"}],"version-history":[{"count":20,"href":"https:\/\/blog.friopecas.com.br\/blog\/wp-json\/wp\/v2\/posts\/1203\/revisions"}],"predecessor-version":[{"id":2033,"href":"https:\/\/blog.friopecas.com.br\/blog\/wp-json\/wp\/v2\/posts\/1203\/revisions\/2033"}],"wp:featuredmedia":[{"embeddable":true,"href":"https:\/\/blog.friopecas.com.br\/blog\/wp-json\/wp\/v2\/media\/1218"}],"wp:attachment":[{"href":"https:\/\/blog.friopecas.com.br\/blog\/wp-json\/wp\/v2\/media?parent=1203"}],"wp:term":[{"taxonomy":"category","embeddable":true,"href":"https:\/\/blog.friopecas.com.br\/blog\/wp-json\/wp\/v2\/categories?post=1203"},{"taxonomy":"post_tag","embeddable":true,"href":"https:\/\/blog.friopecas.com.br\/blog\/wp-json\/wp\/v2\/tags?post=1203"}],"curies":[{"name":"wp","href":"https:\/\/api.w.org\/{rel}","templated":true}]}}